{"id":7577,"date":"2011-05-15T10:40:17","date_gmt":"2011-05-15T12:40:17","guid":{"rendered":"http:\/\/blog.cancaonova.com\/vocacional\/?p=7577"},"modified":"2011-06-22T14:58:58","modified_gmt":"2011-06-22T16:58:58","slug":"peca-a-graca-de-nao-ser-enganado","status":"publish","type":"post","link":"https:\/\/blog.cancaonova.com\/vocacional\/peca-a-graca-de-nao-ser-enganado\/","title":{"rendered":"Pe\u00e7a a gra\u00e7a de n\u00e3o ser enganado"},"content":{"rendered":"<p><a href=\"http:\/\/blog.cancaonova.com\/vocacional\/files\/2011\/05\/06_fundador_11.jpg\"><img loading=\"lazy\" decoding=\"async\" class=\"aligncenter size-thumbnail wp-image-7578\" src=\"http:\/\/blog.cancaonova.com\/vocacional\/files\/2011\/05\/06_fundador_11-150x150.jpg\" alt=\"\" width=\"270\" height=\"270\" \/><\/a><\/p>\n<p style=\"text-align: justify\">A todo instante o inimigo de Deus tenta nos deixar cegos, insens\u00edveis e  pensamos que n\u00e3o \u00e9 bem assim. Na verdade, \u00e9 o maligno que cega nossos  olhos, tapa nossos ouvidos, insensibiliza nosso cora\u00e7\u00e3o, para que n\u00e3o  reconhe\u00e7amos a maravilha que Deus fez em n\u00f3s. \u00c9 pela a\u00e7\u00e3o do Esp\u00edrito  Santo que o Senhor tira dos nossos olhos as vendas que causam toda essa  insensibilidade, dureza e torpor.<\/p>\n<p style=\"text-align: justify\">A palavra \u201cpredestina\u00e7\u00e3o\u201d j\u00e1 mostra que existe um destino para cada um  de n\u00f3s. Justamente por causa disso, a tenta\u00e7\u00e3o continuamente nos oferece  brinquedinhos, coisas que satisfazem a nossa carne, nos d\u00e3o prazer,  status e posi\u00e7\u00e3o social&#8230; nos deixamos enganar pelo inimigo por  pequenas coisas. Ele \u00e9 mestre em nos enganar. O diabo nos ilude  fazendo-nos acreditar que somos o m\u00e1ximo, que somos capazes de conseguir  tudo sozinhos&#8230; at\u00e9 mesmo nos sentirmos superiores a Deus.<\/p>\n<p style=\"text-align: justify\">Somos chamados \u00e0 santidade. Todos, sem exce\u00e7\u00f5es. \u00c9 este o nosso primeiro  chamado. Esta \u00e9 a primeira voca\u00e7\u00e3o de todo batizado. Pe\u00e7a a Deus a  gra\u00e7a de n\u00e3o ser mais enganado.<\/p>\n<p style=\"text-align: justify\">Deus o aben\u00e7oe!<\/p>\n<p style=\"text-align: justify\"><strong>Monsenhor Jonas Abib<\/strong><br \/>\nFundador da Comunidade Can\u00e7\u00e3o Nova<\/p>\n","protected":false},"excerpt":{"rendered":"<p>A todo instante o inimigo de Deus tenta nos deixar cegos, insens\u00edveis e pensamos que n\u00e3o \u00e9 bem assim. Na verdade, \u00e9 o maligno que cega nossos olhos, tapa nossos ouvidos, insensibiliza nosso cora\u00e7\u00e3o, para que n\u00e3o reconhe\u00e7amos a maravilha&#8230;<\/p>\n","protected":false},"author":17,"featured_media":0,"comment_status":"open","ping_status":"open","sticky":false,"template":"","format":"standard","meta":{"_mi_skip_tracking":false,"_monsterinsights_sitenote_active":false,"_monsterinsights_sitenote_note":"","_monsterinsights_sitenote_category":0,"_joinchat":[],"footnotes":""},"categories":[16317],"tags":[163441],"_links":{"self":[{"href":"https:\/\/blog.cancaonova.com\/vocacional\/wp-json\/wp\/v2\/posts\/7577"}],"collection":[{"href":"https:\/\/blog.cancaonova.com\/vocacional\/wp-json\/wp\/v2\/posts"}],"about":[{"href":"https:\/\/blog.cancaonova.com\/vocacional\/wp-json\/wp\/v2\/types\/post"}],"author":[{"embeddable":true,"href":"https:\/\/blog.cancaonova.com\/vocacional\/wp-json\/wp\/v2\/users\/17"}],"replies":[{"embeddable":true,"href":"https:\/\/blog.cancaonova.com\/vocacional\/wp-json\/wp\/v2\/comments?post=7577"}],"version-history":[{"count":2,"href":"https:\/\/blog.cancaonova.com\/vocacional\/wp-json\/wp\/v2\/posts\/7577\/revisions"}],"predecessor-version":[{"id":7592,"href":"https:\/\/blog.cancaonova.com\/vocacional\/wp-json\/wp\/v2\/posts\/7577\/revisions\/7592"}],"wp:attachment":[{"href":"https:\/\/blog.cancaonova.com\/vocacional\/wp-json\/wp\/v2\/media?parent=7577"}],"wp:term":[{"taxonomy":"category","embeddable":true,"href":"https:\/\/blog.cancaonova.com\/vocacional\/wp-json\/wp\/v2\/categories?post=7577"},{"taxonomy":"post_tag","embeddable":true,"href":"https:\/\/blog.cancaonova.com\/vocacional\/wp-json\/wp\/v2\/tags?post=7577"}],"curies":[{"name":"wp","href":"https:\/\/api.w.org\/{rel}","templated":true}]}}