{"id":7776,"date":"2012-03-28T11:02:15","date_gmt":"2012-03-28T13:02:15","guid":{"rendered":"http:\/\/blog.cancaonova.com\/vocacional\/?p=7776"},"modified":"2014-07-28T17:31:42","modified_gmt":"2014-07-28T20:31:42","slug":"voce-e-uma-vocacao-voce-e-um-chamado","status":"publish","type":"post","link":"https:\/\/blog.cancaonova.com\/vocacional\/voce-e-uma-vocacao-voce-e-um-chamado\/","title":{"rendered":"Voc\u00ea \u00e9 uma voca\u00e7\u00e3o. Voc\u00ea \u00e9 um chamado."},"content":{"rendered":"<p><a href=\"http:\/\/blog.cancaonova.com\/vocacional\/files\/2012\/03\/barco.jpg\"><img loading=\"lazy\" decoding=\"async\" class=\"aligncenter size-thumbnail wp-image-7777\" src=\"http:\/\/blog.cancaonova.com\/vocacional\/files\/2012\/03\/barco-150x150.jpg\" alt=\"\" width=\"265\" height=\"150\" \/><\/a><\/p>\n<p style=\"text-align: justify\">\n<p style=\"text-align: justify\">Falamos muito de voca\u00e7\u00e3o. Quando dizemos que algu\u00e9m tem voca\u00e7\u00e3o, afinal o que   queremos dizer? A palavra <strong>voca\u00e7\u00e3o <\/strong>vem do verbo no latim <em>&#8220;vocare&#8221; <strong>(chama?). <\/strong><\/em>Assim voca\u00e7\u00e3o significa <strong><em>chamado. <\/em><\/strong>\u00c9, pois, um chamado de Deus. Se h\u00e1 algu\u00e9m que   chama, deve haver outro que <em>escuta que responde.<\/em><\/p>\n<p>A vida de todo   ser humano \u00e9 um dom de Deus. <em>&#8220;Somos obra de Deus, criados em Cristo Jesus&#8221; <\/em>(Ef  2,10). Existimos, vivemos, pensamos, amamos, nos alegramos, sofremos,    nos relacionamos, conquistamos nossa liberdade diante do mundo que nos  cerca e   diante de n\u00f3s mesmos.<\/p>\n<p>N\u00e3o somos uma exist\u00eancia lan\u00e7ada ao absurdo. Somos   criaturas de Deus.<\/p>\n<p>N\u00e3o existe homem que n\u00e3o seja convidado ou  chamado por   Deus a viver na liberdade, que possa conviver, servir a  Deus atrav\u00e9s do   relacionamento fraternal com os outros.<\/p>\n<p><strong>Voc\u00ea<\/strong> <strong>\u00e9   uma voca\u00e7\u00e3o. Voc\u00ea<\/strong> <strong>\u00e9 um chamado.<\/strong><\/p>\n<p>Encontramos na   B\u00edblia muitos chamados feitos  por Deus: Abra\u00e3o, Mois\u00e9s, os profetas&#8230; Em todas   as escolhas,  encontramos:<\/p>\n<ul>\n<li>Deus chama diretamente, pela media\u00e7\u00e3o de fatos e   acontecimentos, ou pelas pessoas.<\/li>\n<li>Deus toma a Iniciativa de chamar.<\/li>\n<li>Escolhe livremente e permite total liberdade de resposta.<\/li>\n<li>Deus chama em vista de uma miss\u00e3o de servi\u00e7o ao povo.<\/li>\n<\/ul>\n<p>Voca\u00e7\u00e3o \u00e9 o encontro de duas liberdades:<\/p>\n<ul>\n<li>a de Deus que chama<\/li>\n<li>a do Homem que responde<\/li>\n<\/ul>\n<p>Podemos fazer uma distin\u00e7\u00e3o entre os chamados: <strong>voca\u00e7\u00e3o \u00e0 exist\u00eancia, voca\u00e7\u00e3o humana, voca\u00e7\u00e3o crist\u00e3 e voca\u00e7\u00e3o   espec\u00edfica<\/strong>, uma sobrepondo-se \u00e0 outra.<\/p>\n<p><strong>Voca\u00e7\u00e3o \u00e0 exist\u00eancia -\u00c0 vida<\/strong><\/p>\n<p>Foi o   primeiro momento forte em que Deus  manifestou todo o seu amor a cada um de n\u00f3s.   Deus nos amou e nos quis  participantes de seu projeto de cria\u00e7\u00e3o como   coordenadores  respons\u00e1veis por tudo o que existe. Fomos criados \u00e0 imagem e    semelhan\u00e7a de Deus. A vida \u00e9 a grande voca\u00e7\u00e3o. Deus chama para a vida, e  Jesus   afirma que veio para que todos a tenham em abund\u00e2ncia. (Jo    10,10)<\/p>\n<p><strong>Voca\u00e7\u00e3o humana &#8211; <\/strong>Ser gente, ser   pessoa<\/p>\n<p>Foi nos dada a condi\u00e7\u00e3o da &#8220;liberdade dos filhos  de Deus&#8221;,   intelig\u00eancia e vontade. Estabelecemos uma comunh\u00e3o com o  Criador e, nessa   atitude dialogai, somos pessoas. A pessoa aprende a  conviver, a dialogar, enfim,   a se relacionar. Todos t\u00eam direitos e  deveres rec\u00edprocos.<br \/>\nInfelizmente, a   obra-prima do Criador anda  muito desprezada: enquanto uns t\u00eam condi\u00e7\u00f5es e   oportunidades, outros  vivem na mis\u00e9ria, sem condi\u00e7\u00f5es b\u00e1sicas para ressaltar a   dignidade com  que foram constitu\u00eddos. No mundo da <strong>exclus\u00e3o <\/strong>acontece a <strong>&#8220;desumaniza\u00e7\u00e3o&#8221;<\/strong>&#8216;e pode-se perder a condi\u00e7\u00e3o   de pessoa humana.<\/p>\n<p><strong>Voca\u00e7\u00e3o crist\u00e3 &#8211; <\/strong>Voca\u00e7\u00e3o de filho,   de batizado<\/p>\n<p>Todo batizado recebeu a gra\u00e7a de fazer parte do  povo eleito   por Deus, de sua Igreja. Atrav\u00e9s da voca\u00e7\u00e3o crist\u00e3, somos  chamados \u00e0 santidade,   voca\u00e7\u00e3o \u00e0 perfei\u00e7\u00e3o, recebendo a mesma f\u00e9 pela  justi\u00e7a de Deus. Fomos, portanto,   eleitos e chamados pessoalmente por  Cristo para ser, como crist\u00e3os, testemunhas   e seguidores do Mestre  Jesus. Chamados \u00e2 f\u00e9 pelo batismo, a pessoa humana foi   qualificada de  outra forma. Assim todos fazem parte do &#8220;reino de sacerdotes,   profetas  e reis&#8221;. (1 Pd 2,9)<\/p>\n<p>Toda pessoa batizada   tornou-se um seguidor de  Cristo, participante de uma comunidade de f\u00e9 que pode   ser chamada para  participar da obra de Deus, como membro de sua Igreja, seguindo    caminhos diferentes:<\/p>\n<p><strong>Voca\u00e7\u00e3o laical <\/strong>(no matrim\u00f4nio   \/no celibato \/ solteiro &#8211; ap\u00f3stolo)<\/p>\n<p>l Assim todo crist\u00e3o solteiro ou   casado,  batizado em Cristo, tornando-&#8216; se membro da sua Igreja, \u00e9 convocado a    ser ap\u00f3stolo, anunciador do l Reino de Deus, exercendo fun\u00e7\u00f5es  temporais. O   leigo vive na l secularidade e exerce sua miss\u00e3o  insubstitu\u00edvel nos of\u00edcios e   trabalhos l deste mundo. O Concilio  Vaticano II sublinhou que a voca\u00e7\u00e3o e a   miss\u00e3o l do leigo &#8220;contribuem  para a santifica\u00e7\u00e3o do mundo, como fermento na \\   massa&#8217;. (LG31)<\/p>\n<p><strong>Voca\u00e7\u00e3o ao minist\u00e9rio ordenado <\/strong>(di\u00e1cono, padre e bispo)<\/p>\n<p>\u00c9 uma voca\u00e7\u00e3o de carisma particular, \u00e9   gra\u00e7a,  mas passa pela media\u00e7\u00e3o da Igreja particular, pois as voca\u00e7\u00f5es s\u00e3o    destinadas \u00e0 Igreja. Acontece num acompanhamento sistem\u00e1tico,  amadurecendo as   motiva\u00e7\u00f5es reais da op\u00e7\u00e3o. O ministro ordenado preside  e coordena os servi\u00e7os da   comunidade. Por interm\u00e9dio dos sacramentos,  celebra a presen\u00e7a de Deus no meio   do seu povo. O presb\u00edtero \u00e9  enviado a pastorear e animar a comunidade. Ele \u00e9 o   bom pastor que  guia, alimenta, defende e conhece as ovelhas. &#8220;Isto exige   humanidade,  car\u00e1ter \u00edntegro e maduro, virtudes morais s\u00f3lidas e personalidade    madura&#8221;. (OT 11)<\/p>\n<p><strong>Voca<\/strong><strong>\u00e7\u00e3<\/strong><strong>o <\/strong><strong>\u00e0<\/strong><strong> vida consagrada<\/strong> (ser irm\u00e3o   religioso ou irm\u00e3 religiosa \/ vida ativa ou contemplativa)<\/p>\n<p>O religioso \u00e9   chamado a testemunhar Cristo de  uma maneira radical, vivendo uma consagra\u00e7\u00e3o   total nos votos de  pobreza, castidade e obedi\u00eancia. Com a pobreza, vivem mais   livres dos  bens temporais, tornando-se dispon\u00edveis para Deus, para a Igreja e    para os irm\u00e3os. Com a castidade, vivem o amor sem exclusividade, sendo  sinal do   mundo l futuro que h\u00e1 de vir. Com a obedi\u00eancia, imitam a  Cristo obediente e fiel   \u00e0 vontade do Pai.<\/p>\n<p><strong>Textos   b<\/strong><strong>\u00ed<\/strong><strong>blicos<\/strong><br \/>\nMateus 25,14-30; Jo\u00e3o 14,   5 &#8211; 7<br \/>\nLeia estes textos com calma, um de cada vez, procurando traz\u00ea-los para   a sua vida.<\/p>\n<p>Precisamos distinguir bem voca\u00e7\u00e3o de profiss\u00e3o,  pois n\u00e3o s\u00e3o   exatamente a mesma coisa. Veja o quadro abaixo e observe a  distin\u00e7\u00e3o entre uma e   outra:<\/p>\n<table border=\"0\" cellspacing=\"0\" cellpadding=\"10\" align=\"center\">\n<tbody>\n<tr>\n<td width=\"214\" valign=\"top\"><strong>Profiss\u00e3o<\/strong><\/td>\n<td width=\"216\" valign=\"top\"><strong>Voca\u00e7\u00e3o<\/strong><\/td>\n<\/tr>\n<tr>\n<td width=\"214\" valign=\"top\">1 . aptid\u00e3o ou escolha pessoal para exercer um trabalho<\/td>\n<td width=\"216\" valign=\"top\">1. chamado de Deus para uma miss\u00e3o, que se origina na pessoa como   rea\u00e7\u00e3o-aspira\u00e7\u00e3o do ser<\/td>\n<\/tr>\n<tr>\n<td width=\"214\" valign=\"top\">2. preocupa\u00e7\u00e3o principal: o &#8220;ter&#8221;, o sustento da vida<\/td>\n<td width=\"216\" valign=\"top\">2. preocupa\u00e7\u00e3o exclusiva: &#8220;o ser&#8221; , o amor e o servi\u00e7o<\/td>\n<\/tr>\n<tr>\n<td width=\"214\" valign=\"top\">3. pode ser trocada<\/td>\n<td width=\"216\" valign=\"top\">3. \u00e9 para sempre<\/td>\n<\/tr>\n<tr>\n<td width=\"214\" valign=\"top\">4. \u00e9 exercida em determinadas horas<\/td>\n<td width=\"216\" valign=\"top\">4. \u00e9 vivida 24 horas por dia<\/td>\n<\/tr>\n<tr>\n<td width=\"214\" valign=\"top\">5. tem remunera\u00e7\u00e3o<\/td>\n<td width=\"216\" valign=\"top\">5. n\u00e3o tem remunera\u00e7\u00e3o ou sal\u00e1rio<\/td>\n<\/tr>\n<tr>\n<td width=\"214\" valign=\"top\">6. tem aposentadoria<\/td>\n<td width=\"216\" valign=\"top\">6. n\u00e3o tem aposentadoria<\/td>\n<\/tr>\n<tr>\n<td width=\"214\" valign=\"top\">7. quando n\u00e3o \u00e9 exercida, falta o necess\u00e1rio para viver<\/td>\n<td width=\"216\" valign=\"top\">7. vive da provid\u00eancia divina<\/td>\n<\/tr>\n<tr>\n<td width=\"214\" valign=\"top\">8. na profiss\u00e3o eu fa\u00e7o<\/td>\n<td width=\"216\" valign=\"top\">8. ha voca\u00e7\u00e3o eu vivo<\/td>\n<\/tr>\n<\/tbody>\n<\/table>\n<p>A profiss\u00e3o dignifica a pessoa quando \u00e9 exercida com  amor,   esp\u00edrito de servi\u00e7o e responsabilidade. A voca\u00e7\u00e3o vivida na  fidelidade e na   alegria confere ao exerc\u00edcio da profiss\u00e3o uma beleza  particular, \u00e9 o caminho de   santidade.<\/p>\n<p>Fonte: www.catequisar.com.br<\/p>\n","protected":false},"excerpt":{"rendered":"<p>Falamos muito de voca\u00e7\u00e3o. Quando dizemos que algu\u00e9m tem voca\u00e7\u00e3o, afinal o que queremos dizer? A palavra voca\u00e7\u00e3o vem do verbo no latim &#8220;vocare&#8221; (chama?). Assim voca\u00e7\u00e3o significa chamado. \u00c9, pois, um chamado de Deus. Se h\u00e1 algu\u00e9m que chama,&#8230;<\/p>\n","protected":false},"author":4612,"featured_media":0,"comment_status":"open","ping_status":"open","sticky":false,"template":"","format":"standard","meta":{"_mi_skip_tracking":false,"_monsterinsights_sitenote_active":false,"_monsterinsights_sitenote_note":"","_monsterinsights_sitenote_category":0,"_joinchat":[],"footnotes":""},"categories":[5011,67,23,141],"tags":[],"_links":{"self":[{"href":"https:\/\/blog.cancaonova.com\/vocacional\/wp-json\/wp\/v2\/posts\/7776"}],"collection":[{"href":"https:\/\/blog.cancaonova.com\/vocacional\/wp-json\/wp\/v2\/posts"}],"about":[{"href":"https:\/\/blog.cancaonova.com\/vocacional\/wp-json\/wp\/v2\/types\/post"}],"author":[{"embeddable":true,"href":"https:\/\/blog.cancaonova.com\/vocacional\/wp-json\/wp\/v2\/users\/4612"}],"replies":[{"embeddable":true,"href":"https:\/\/blog.cancaonova.com\/vocacional\/wp-json\/wp\/v2\/comments?post=7776"}],"version-history":[{"count":5,"href":"https:\/\/blog.cancaonova.com\/vocacional\/wp-json\/wp\/v2\/posts\/7776\/revisions"}],"predecessor-version":[{"id":8348,"href":"https:\/\/blog.cancaonova.com\/vocacional\/wp-json\/wp\/v2\/posts\/7776\/revisions\/8348"}],"wp:attachment":[{"href":"https:\/\/blog.cancaonova.com\/vocacional\/wp-json\/wp\/v2\/media?parent=7776"}],"wp:term":[{"taxonomy":"category","embeddable":true,"href":"https:\/\/blog.cancaonova.com\/vocacional\/wp-json\/wp\/v2\/categories?post=7776"},{"taxonomy":"post_tag","embeddable":true,"href":"https:\/\/blog.cancaonova.com\/vocacional\/wp-json\/wp\/v2\/tags?post=7776"}],"curies":[{"name":"wp","href":"https:\/\/api.w.org\/{rel}","templated":true}]}}