{"id":8707,"date":"2016-08-18T16:17:31","date_gmt":"2016-08-18T19:17:31","guid":{"rendered":"http:\/\/blog.cancaonova.com\/vocacional\/?p=8707"},"modified":"2016-08-19T14:25:57","modified_gmt":"2016-08-19T17:25:57","slug":"testemunho-deus-tinha-um-chamado-para-mim","status":"publish","type":"post","link":"https:\/\/blog.cancaonova.com\/vocacional\/testemunho-deus-tinha-um-chamado-para-mim\/","title":{"rendered":"Testemunho: Deus tinha um chamado para mim"},"content":{"rendered":"<p>Meu nome \u00e9 Maria Ang\u00e9lica de Mello Anjos, tenho 31 anos, sou natural de Agudos \u00adSP. Sou\u00a0mission\u00e1ria da Comunidade Can\u00e7\u00e3o Nova h\u00e1 6 anos, e hoje vivo na miss\u00e3o de F\u00e1tima em Portugal.<\/p>\n<p>No ano de 2003, fui para um retiro de Carnaval na cidade de Arealva , com a comunidade Alpha e\u00a0\u00d4mega, e naqueles dias tive minha experi\u00eancia de encontro pessoal com Jesus e batismo no\u00a0Esp\u00edrito Santo, e a partir desse retiro conheci mais de perto a realidade de novas comunidades e\u00a0dentro de mim crescia o anseio do meu cora\u00e7\u00e3o em ser de Deus, em servir a Deus integralmente.<\/p>\n<p>Fui tocando ent\u00e3o no des\u00edgnio de Deus para a minha vida, havia um chamado de Deus para mim.\u00a0Sempre fui ativa em minha par\u00f3quia, a S\u00e3o Paulo Ap\u00f3stolo, participava da pastoral da juventude,\u00a0da Renova\u00e7\u00e3o Carism\u00e1tica, onde frequentava o grupo de ora\u00e7\u00e3o Mensageiros da Divina\u00a0Miseric\u00f3rdia, mas tudo aquilo que eu fazia, que n\u00e3o era pouco, pois meus fins de semana eram\u00a0sempre ocupados com as atividades do grupo e da par\u00f3quia, eu julgava e sentia ser pouco, havia sempre um vazio interior e o desejo de fazer mais e dar mais para Deus do meu tempo.<\/p>\n<p><img loading=\"lazy\" decoding=\"async\" class=\"aligncenter size-full wp-image-8715\" src=\"http:\/\/blog.cancaonova.com\/vocacional\/files\/2016\/08\/Untitled-2.jpg\" alt=\"Untitled\" width=\"1600\" height=\"1200\" srcset=\"https:\/\/blog.cancaonova.com\/vocacional\/files\/2016\/08\/Untitled-2.jpg 1600w, https:\/\/blog.cancaonova.com\/vocacional\/files\/2016\/08\/Untitled-2-300x225.jpg 300w, https:\/\/blog.cancaonova.com\/vocacional\/files\/2016\/08\/Untitled-2-768x576.jpg 768w\" sizes=\"(max-width: 1600px) 100vw, 1600px\" \/><br \/>\nEu ia realizando meus sonhos e projetos pessoais, mas o vazio interior n\u00e3o se preenchia. Fui\u00a0percebendo ent\u00e3o a escolha de Deus para mim em uma consagra\u00e7\u00e3o de vida.\u00a0Em 2005, consegui uma bolsa de estudos para o curso que eu desejava estudar , Ci\u00eancias\u00a0Biol\u00f3gicas, iniciei a realiza\u00e7\u00e3o de um grande sonho meu e de minha fam\u00edlia tamb\u00e9m, e nesse\u00a0mesmo ano conheci mais de perto a Comunidade Can\u00e7\u00e3o Nova, atrav\u00e9s da Casa de Miss\u00e3o de\u00a0Bauru, a vida mission\u00e1ria; a fraternidade vivida na casa comunit\u00e1ria; o colocar a vida em comum\u00a0como narra o livro dos Atos dos Ap\u00f3stolos, e com essa aproxima\u00e7\u00e3o percebia ali uma grande\u00a0resson\u00e2ncia com aquilo que meu cora\u00e7\u00e3o tinha o anseio e se sentia chamado a viver.<\/p>\n<p>Iniciei ent\u00e3o o caminho vocacional, e a cada encontro eu me identificava mais como o modo de\u00a0viver Can\u00e7\u00e3o Nova, mas tamb\u00e9m vivia ao mesmo tempo a concretiza\u00e7\u00e3o da realiza\u00e7\u00e3o de um\u00a0sonho que era me formar na faculdade e como j\u00e1 disse sonho da minha fam\u00edlia tamb\u00e9m,\u00a0principalmente meu pai.<\/p>\n<p>No tempo de caminho vocacional fui dando-me a conhecer e a Comunidade Can\u00e7\u00e3o Nova foi me\u00a0conhecendo tamb\u00e9m. Trabalhando a minha hist\u00f3ria de vida pessoal, me reconciliando com ela e\u00a0me descobrindo como perten\u00e7a no Carisma Can\u00e7\u00e3o Nova.<\/p>\n<p>Ao final do\u00a0segundo ano, o meu desejo de ser de Deus era t\u00e3o grande que eu estava disposta a deixar tudo\u00a0para seguir Jesus e ingressar na comunidade, inclusive a faculdade que n\u00e3o estava terminada. Meu\u00a0pai manifestou uma resist\u00eancia \u00e0 minha escolha e n\u00e3o concordava com isso, fui partilhando com a\u00a0mission\u00e1ria da Can\u00e7\u00e3o Nova que me acompanhava, Jaqueline Novais e diante de algumas marcas\u00a0que trazia na minha historia com meu pai, algumas feridas causadas pelo v\u00edcio da bebida, o meu\u00a0relacionamento com ele que por esses motivos tinha se tornado distante. Ent\u00e3o fui aconselhada a\u00a0terminar a faculdade, buscar essa reconcilia\u00e7\u00e3o com meu pai , a reaproxima\u00e7\u00e3o dos la\u00e7os que\u00a0tinham se perdido entre pai e filha e continuar a fazer o caminho vocacional, pois eu precisava sair\u00a0da minha casa com a ben\u00e7\u00e3o do meu pai e naquela altura eu ainda n\u00e3o a tinha .<\/p>\n<p>Leia tamb\u00e9m:<br \/>\n::\u00a0<a href=\"http:\/\/blog.cancaonova.com\/vocacional\/qual-e-a-sua-vocacao\/\">Qual \u00e9 a sua voca\u00e7\u00e3o?<br \/>\n<\/a>:: <a href=\"http:\/\/blog.cancaonova.com\/vocacional\/talvez-voce-seja-cancao-nova\/\">Talvez voc\u00ea seja Can\u00e7\u00e3o Nova<\/a><br \/>\n:: <a href=\"http:\/\/blog.cancaonova.com\/vocacional\/deus-tem-planos-para-sua-vida\/\">Deus tem planos para sua vida<\/a><br \/>\n<a href=\"http:\/\/blog.cancaonova.com\/vocacional\/na-cancao-nova-se-formam-familia-missionaria\/\">:: Na Can\u00e7\u00e3o Nova se formam fam\u00edlias mission\u00e1rias<\/a><\/p>\n<p>De inicio eu n\u00e3o entendi a decis\u00e3o da equipe vocacional , mas acolhi e obedeci. Vivi aquele ano\u00a0que me foi dado a busca de aproxima\u00e7\u00e3o , do perd\u00e3o e da cura da minha historia com meu pai de\u00a0forma intensa, fui percebendo que a faculdade era um mero pretexto de Deus para que eu vivesse\u00a0tudo isso.<\/p>\n<p>Quando chegou o final de 2009 , eu j\u00e1 terminava os estudos , e j\u00e1 n\u00e3o havia mais nenhum\u00a0impedimento para que eu desse meu sim a Deus, entregando minha vida a Deus na Can\u00e7\u00e3o Nova.<\/p>\n<p>Entreguei meu TCC, fiz cola\u00e7\u00e3o de grau , vivi essa alegria com a minha fam\u00edlia. No dia\u00a016\/01\/2010 \u00e0s 16:00 com a ben\u00e7\u00e3o do meu pai cheguei na Can\u00e7\u00e3o Nova , na miss\u00e3o de Cachoeira\u00a0Paulista.<\/p>\n<p>Era uma alegria, pois havia encontrado a vontade de Deus para minha vida e o lugar que Deus\u00a0tinha escolhido para me plantar e me ver florescer.\u00a0Mas como o seguimento de Jesus nunca vem sem ser acompanhado do \u201ctomar a sua cruz e\u00a0seguir\u201d, nem tudo era flores e dois meses depois de estar na Comunidade, muito feliz , um dia\u00a0liguei para casa e percebo meu pai muito distante e muito calado. Quando pergunto a meu pai \u201cesta tudo bem ? Ele n\u00e3o consegue esconder e me diz : \u201cn\u00e3o est\u00e1 n\u00e3o, o pai est\u00e1 doente e n\u00e3o sabe o\u00a0que tem!\u201d<\/p>\n<p>Naquela liga\u00e7\u00e3o eu fiquei sem ch\u00e3o, tinha apenas 2 meses que eu tinha sa\u00eddo da minha casa e meu\u00a0pai estava bem , como podia ser?<\/p>\n<p>E assim na semana daquela liga\u00e7\u00e3o , ele foi fazer uma endoscopia e o m\u00e9dico ficou assutado pois\u00a0foi muito dificil realizar. Eu fui para casa e ao chegar me deparei com meus pai 10kg mais magro, fraco, debilitado em uma cadeira de rodas e naqueles dias em que estive l\u00e1 saiu o diagn\u00f3stico um\u00a0c\u00e2ncer invasivo de es\u00f4fago j\u00e1 em estado terminal.<\/p>\n<p>Busquei for\u00e7as em Deus e fui sustentada na ora\u00e7\u00e3o pela minha Comunidade, tentando ser a\u00a0presen\u00e7a de Deus e levar esperan\u00e7a para minha m\u00e3e e meus irm\u00e3os de que tudo ia ficar bem. Mas\u00a0quando estivemos com o m\u00e9dico que era conhecido da minha fam\u00edlia , ele nos disse :\u201dn\u00e3o h\u00e1 o que\u00a0fazer , o c\u00e2ncer est\u00e1 muito avan\u00e7ado , ele esta muito debilitado, n\u00e3o resistir\u00e1 a uma cirurgia, \u00e9\u00a0apenas quest\u00e3o de dias, e assim foi meu pai ficou no hospital , j\u00e1 n\u00e3o se alimentava mais , muito\u00a0debilitado, viveu naqueles dias v\u00e1rios processos de reconcilia\u00e7\u00e3o com pessoas que era preciso e na\u00a0sexta \u00adfeira da paix\u00e3o , dia 02\/04\/10, \u00e0s 14:45 ele entrou na vida eterna.<\/p>\n<p>Foi muito dif\u00edcil para mim , tinha apenas 2 meses que eu tinha deixado a minha casa , minha m\u00e3e e\u00a0meus irm\u00e3os. Meu pai era um porto seguro para n\u00f3s, mas dentro de mim eu me sentia muito em\u00a0paz , pois tive a gra\u00e7a de viver essa reconcilia\u00e7\u00e3o que me trouxe essa tranquilidade com a sua\u00a0morte e a certeza que meu pai foi curado sim , n\u00e3o do corpo mas na sua alma e hoje tenho a certeza\u00a0que est\u00e1 no c\u00e9u e \u00e9 nosso intercessor.<\/p>\n<p>Tudo isso s\u00f3 pude viver pela gra\u00e7a e ajuda que recebi no caminho vocacional que me ajudou a\u00a0enxergar que minha hist\u00f3ria com meu pai precisava de reconcilia\u00e7\u00e3o e assim aconteceu.\u00a0Penso que se eu n\u00e3o tive vivido isso, n\u00e3o suportaria voltar para minha casa e n\u00e3o encontrar mais\u00a0meu pai se n\u00e3o tivesse me reconciliado com ele.<\/p>\n<p>Voc\u00ea que se sente chamado por Deus a uma entrega de vida n\u00e3o tenha medo de se deixar\u00a0acompanhar em um caminho vocacional, independente de voc\u00ea ingressar em uma Comunidade,\u00a0Congrega\u00e7\u00e3o ou um semin\u00e1rio vai ser uma ajuda \u00fatil para a sua vida !<\/p>\n<p>Deus aben\u00e7oe !<\/p>\n<p><strong>Maria Angelica Anjos<\/strong><br \/>\n<strong> Mission\u00e1ria da Comunidade Can\u00e7\u00e3o Nova &#8211; Portugal<\/strong><\/p>\n<p><a href=\"http:\/\/blog.cancaonova.com\/vocacional\/equipe-vocacional\/\"><img loading=\"lazy\" decoding=\"async\" class=\"aligncenter wp-image-8668\" src=\"http:\/\/blog.cancaonova.com\/vocacional\/files\/2016\/07\/The-Sailboat-Project.png\" alt=\"The Sailboat Project\" width=\"866\" height=\"107\" srcset=\"https:\/\/blog.cancaonova.com\/vocacional\/files\/2016\/07\/The-Sailboat-Project.png 728w, https:\/\/blog.cancaonova.com\/vocacional\/files\/2016\/07\/The-Sailboat-Project-300x37.png 300w\" sizes=\"(max-width: 866px) 100vw, 866px\" \/><\/a><\/p>\n","protected":false},"excerpt":{"rendered":"<p>Meu nome \u00e9 Maria Ang\u00e9lica de Mello Anjos, tenho 31 anos, sou natural de Agudos \u00adSP. Sou\u00a0mission\u00e1ria da Comunidade Can\u00e7\u00e3o Nova h\u00e1 6 anos, e hoje vivo na miss\u00e3o de F\u00e1tima em Portugal. No ano de 2003, fui para um&#8230;<\/p>\n","protected":false},"author":4612,"featured_media":0,"comment_status":"open","ping_status":"open","sticky":false,"template":"","format":"standard","meta":{"_mi_skip_tracking":false,"_monsterinsights_sitenote_active":false,"_monsterinsights_sitenote_note":"","_monsterinsights_sitenote_category":0,"_joinchat":[],"footnotes":""},"categories":[5011],"tags":[],"_links":{"self":[{"href":"https:\/\/blog.cancaonova.com\/vocacional\/wp-json\/wp\/v2\/posts\/8707"}],"collection":[{"href":"https:\/\/blog.cancaonova.com\/vocacional\/wp-json\/wp\/v2\/posts"}],"about":[{"href":"https:\/\/blog.cancaonova.com\/vocacional\/wp-json\/wp\/v2\/types\/post"}],"author":[{"embeddable":true,"href":"https:\/\/blog.cancaonova.com\/vocacional\/wp-json\/wp\/v2\/users\/4612"}],"replies":[{"embeddable":true,"href":"https:\/\/blog.cancaonova.com\/vocacional\/wp-json\/wp\/v2\/comments?post=8707"}],"version-history":[{"count":7,"href":"https:\/\/blog.cancaonova.com\/vocacional\/wp-json\/wp\/v2\/posts\/8707\/revisions"}],"predecessor-version":[{"id":8716,"href":"https:\/\/blog.cancaonova.com\/vocacional\/wp-json\/wp\/v2\/posts\/8707\/revisions\/8716"}],"wp:attachment":[{"href":"https:\/\/blog.cancaonova.com\/vocacional\/wp-json\/wp\/v2\/media?parent=8707"}],"wp:term":[{"taxonomy":"category","embeddable":true,"href":"https:\/\/blog.cancaonova.com\/vocacional\/wp-json\/wp\/v2\/categories?post=8707"},{"taxonomy":"post_tag","embeddable":true,"href":"https:\/\/blog.cancaonova.com\/vocacional\/wp-json\/wp\/v2\/tags?post=8707"}],"curies":[{"name":"wp","href":"https:\/\/api.w.org\/{rel}","templated":true}]}}