{"id":8797,"date":"2018-11-21T07:00:10","date_gmt":"2018-11-21T09:00:10","guid":{"rendered":"http:\/\/blog.cancaonova.com\/vocacional\/?p=8797"},"modified":"2019-04-05T11:26:09","modified_gmt":"2019-04-05T14:26:09","slug":"nossos-principios-de-vida-viver-reconciliado","status":"publish","type":"post","link":"https:\/\/blog.cancaonova.com\/vocacional\/nossos-principios-de-vida-viver-reconciliado\/","title":{"rendered":"Nossos Princ\u00edpios de Vida: Viver Reconciliado"},"content":{"rendered":"<h3><em>Viver reconciliado <\/em>\u00e9 uma disposi\u00e7\u00e3o de cora\u00e7\u00e3o que se traduz num modo de vida. \u00c9 um cont\u00ednuo perdoar e ser perdoado! (Mons. Jonas Abib)<\/h3>\n<p>No in\u00edcio do nosso conv\u00edvio percebemos que t\u00ednhamos diferen\u00e7as muito grandes. Era preciso nos reconciliar. Essa era a \u00fanica maneira de sobreviver. Percebemos que precis\u00e1vamos fazer isso praticamente todos os dias, assim como todos os dias t\u00ednhamos que tomar banho.<\/p>\n<p>Entre mim e meu irm\u00e3o est\u00e1 Jesus. Ele continua a defender cada filho Seu, como defendeu a mulher ad\u00faltera: <strong><em>\u201cSe voc\u00ea nunca pecou, atire a primeira pedra\u201d <\/em>(Cf. Jo 8,9)<\/strong>. Deus deve estar sempre em primeiro lugar, depois, o irm\u00e3o; esta \u00e9 a fonte do verdadeiro perd\u00e3o: Tudo que passa primeiramente por Deus se santifica, do contr\u00e1rio, \u00e9 um mero ato humano, que traz simplesmente al\u00edvio e acomoda\u00e7\u00e3o humana; o verdadeiro perdoar e ser perdoado gera vida nova e comunh\u00e3o de cora\u00e7\u00e3o<em>.<\/em><\/p>\n<p>A comunidade \u00e9 formada de pessoas humanas, erros e pecados v\u00e3o ser a realidade com a qual vamos lidar continuamente. Por isso o exerc\u00edcio do perd\u00e3o \u00e9 fundamental. Cada um precisa aprender a pedir perd\u00e3o e a receber perd\u00e3o. <strong><em>A comunidade sobrevive n\u00e3o quando desaparecem os erros e pecados de uns contra os outros, mas quando cada um aprende a perdoar setenta vezes sete.<\/em><\/strong><\/p>\n<div id=\"attachment_8799\" style=\"width: 913px\" class=\"wp-caption aligncenter\"><a href=\"http:\/\/blog.cancaonova.com\/vocacional\/nossos-principios-de-vida-viver-reconciliado\/\"><img loading=\"lazy\" decoding=\"async\" aria-describedby=\"caption-attachment-8799\" class=\"wp-image-8799\" title=\"Viver Reconciliado\" src=\"http:\/\/blog.cancaonova.com\/vocacional\/files\/2018\/11\/Viver-Reconciliado.jpg\" alt=\"Nosso Princ\u00edpio de Viver Reconciliado\" width=\"903\" height=\"903\" srcset=\"https:\/\/blog.cancaonova.com\/vocacional\/files\/2018\/11\/Viver-Reconciliado.jpg 1080w, https:\/\/blog.cancaonova.com\/vocacional\/files\/2018\/11\/Viver-Reconciliado-150x150.jpg 150w, https:\/\/blog.cancaonova.com\/vocacional\/files\/2018\/11\/Viver-Reconciliado-300x300.jpg 300w, https:\/\/blog.cancaonova.com\/vocacional\/files\/2018\/11\/Viver-Reconciliado-768x768.jpg 768w\" sizes=\"(max-width: 903px) 100vw, 903px\" \/><\/a><p id=\"caption-attachment-8799\" class=\"wp-caption-text\">Viver Reconciliado<\/p><\/div>\n<p><strong><em>N\u00e3o se ponha o sol sobre o vosso ressentimento&nbsp;<\/em>(Ef 4, 26b).<\/strong>&nbsp;\u00c9 preciso terminar o dia reconciliado com todos, pois \u00e9 o Senhor quem nos diz: <strong><em>\u201cSe te lembrares de que teu irm\u00e3o tem alguma coisa contra ti, vai primeiro reconciliar-te com o teu irm\u00e3o\u201d <\/em>(cf. Mt 5, 23-24). <\/strong>O compromisso de reconcilia\u00e7\u00e3o di\u00e1ria \u00e9 fundamental para a nossa vida fraterna<em>: \u00e9 o viver reconciliado<\/em>.&nbsp;<\/p>\n<p><strong>Leia tamb\u00e9m:&nbsp;<\/strong><\/p>\n<p><a href=\"https:\/\/blog.cancaonova.com\/vocacional\/nossos-principios-de-vida-viver-da-providencia\/\">:: Nossos Princ\u00edpios de Vida: Viver da Provid\u00eancia<\/a><\/p>\n<p>:: <a href=\"https:\/\/blog.cancaonova.com\/vocacional\/nossos-principios-de-vida-sadia-convivencia\/\">Nossos Princ\u00edpios de Vida: Sadia Conviv\u00eancia<\/a><\/p>\n<p><a href=\"https:\/\/loja.cancaonova.com\/livro-canc-o-nova-uma-obra-de-deus\">:: Livro &#8211; Can\u00e7\u00e3o Nova: Uma obra de Deus, p\u00e1gina 65<\/a><\/p>\n<p>A exemplo de Jesus, que vive sempre reconciliado: Ele foi crucificado, mas mesmo assim se reconcilia com o homem. Do alto da cruz Ele diz: <strong><em>\u201cPerdoai-lhes porque n\u00e3o sabem o que fazem\u201d <\/em>(Lc 23,34)<\/strong>.<\/p>\n<p style=\"text-align: center\"><strong><em>\u201cVisto que sois eleitos, santificados, amados por Deus, revesti-vos dos sentimentos de&nbsp;<\/em><\/strong><strong><em>compaix\u00e3o, benevol\u00eancia, humildade, do\u00e7ura, paci\u00eancia. Suportai-vos uns aos outros, e se algu\u00e9m tiver algum motivo de queixa contra o outro, perdoai-vos mutuamente; assim como o Senhor vos perdoou, fazei o mesmo, tamb\u00e9m v\u00f3s. E, acima de tudo, revesti-vos do amor: \u00e9 o v\u00ednculo perfeito\u201d <\/em><\/strong><strong>(Cl 3,12-14).<\/strong><\/p>\n<p>&nbsp;<\/p>\n<p><strong>Monsenhor Jonas Abib<\/strong><\/p>\n<p>Fundador da Comunidade Can\u00e7\u00e3o Nova<\/p>\n","protected":false},"excerpt":{"rendered":"<p>Viver Reconciliado <a href=\"https:\/\/blog.cancaonova.com\/vocacional\/nossos-principios-de-vida-viver-reconciliado\/\">Continue lendo <span class=\"meta-nav\">&rarr;<\/span><\/a><\/p>\n","protected":false},"author":4612,"featured_media":8799,"comment_status":"open","ping_status":"open","sticky":false,"template":"","format":"standard","meta":{"_mi_skip_tracking":false,"_monsterinsights_sitenote_active":false,"_monsterinsights_sitenote_note":"","_monsterinsights_sitenote_category":0,"_joinchat":[],"footnotes":""},"categories":[5011,23,16317,141],"tags":[43645,18360,16315,163441],"_links":{"self":[{"href":"https:\/\/blog.cancaonova.com\/vocacional\/wp-json\/wp\/v2\/posts\/8797"}],"collection":[{"href":"https:\/\/blog.cancaonova.com\/vocacional\/wp-json\/wp\/v2\/posts"}],"about":[{"href":"https:\/\/blog.cancaonova.com\/vocacional\/wp-json\/wp\/v2\/types\/post"}],"author":[{"embeddable":true,"href":"https:\/\/blog.cancaonova.com\/vocacional\/wp-json\/wp\/v2\/users\/4612"}],"replies":[{"embeddable":true,"href":"https:\/\/blog.cancaonova.com\/vocacional\/wp-json\/wp\/v2\/comments?post=8797"}],"version-history":[{"count":12,"href":"https:\/\/blog.cancaonova.com\/vocacional\/wp-json\/wp\/v2\/posts\/8797\/revisions"}],"predecessor-version":[{"id":8915,"href":"https:\/\/blog.cancaonova.com\/vocacional\/wp-json\/wp\/v2\/posts\/8797\/revisions\/8915"}],"wp:featuredmedia":[{"embeddable":true,"href":"https:\/\/blog.cancaonova.com\/vocacional\/wp-json\/wp\/v2\/media\/8799"}],"wp:attachment":[{"href":"https:\/\/blog.cancaonova.com\/vocacional\/wp-json\/wp\/v2\/media?parent=8797"}],"wp:term":[{"taxonomy":"category","embeddable":true,"href":"https:\/\/blog.cancaonova.com\/vocacional\/wp-json\/wp\/v2\/categories?post=8797"},{"taxonomy":"post_tag","embeddable":true,"href":"https:\/\/blog.cancaonova.com\/vocacional\/wp-json\/wp\/v2\/tags?post=8797"}],"curies":[{"name":"wp","href":"https:\/\/api.w.org\/{rel}","templated":true}]}}