{"id":9011,"date":"2019-05-09T10:39:59","date_gmt":"2019-05-09T13:39:59","guid":{"rendered":"http:\/\/blog.cancaonova.com\/vocacional\/?p=9011"},"modified":"2023-07-12T17:40:07","modified_gmt":"2023-07-12T20:40:07","slug":"deus-insiste-em-nos-chamar","status":"publish","type":"post","link":"https:\/\/blog.cancaonova.com\/vocacional\/deus-insiste-em-nos-chamar\/","title":{"rendered":"Deus insiste em nos chamar"},"content":{"rendered":"<h2>&#8220;A voz de Deus insiste em nos chamar&#8221;<\/h2>\n<p>&#8220;N\u00e3o conseguimos corresponder a uma voca\u00e7\u00e3o, se n\u00e3o somos pr\u00f3ximos de Deus. Porque, \u00e9 na intimidade com Ele que descobrimos a nossa voca\u00e7\u00e3o&#8221;, afirma Tiago Marcon nesta prega\u00e7\u00e3o, <a href=\"https:\/\/youtu.be\/umJGj5FNJII\">assista<\/a>:<\/p>\n<p><iframe loading=\"lazy\" title=\"A voz de Deus insiste em nos chamar - Tiago Marcon (02\/05\/19)\" width=\"600\" height=\"338\" src=\"https:\/\/www.youtube.com\/embed\/umJGj5FNJII?feature=oembed&amp;rel=0\" frameborder=\"0\" allow=\"accelerometer; autoplay; clipboard-write; encrypted-media; gyroscope; picture-in-picture; web-share\" referrerpolicy=\"strict-origin-when-cross-origin\" allowfullscreen><\/iframe><\/p>\n","protected":false},"excerpt":{"rendered":"<p>&#8220;A voz de Deus insiste em nos chamar&#8221;<br \/>\n <a href=\"https:\/\/blog.cancaonova.com\/vocacional\/deus-insiste-em-nos-chamar\/\">Continue lendo <span class=\"meta-nav\">&rarr;<\/span><\/a><\/p>\n","protected":false},"author":4612,"featured_media":9013,"comment_status":"open","ping_status":"open","sticky":false,"template":"","format":"video","meta":{"_mi_skip_tracking":false,"_monsterinsights_sitenote_active":false,"_monsterinsights_sitenote_note":"","_monsterinsights_sitenote_category":0,"_joinchat":[],"footnotes":""},"categories":[5011,2621,141],"tags":[43645,18360,18416,135274,163441],"_links":{"self":[{"href":"https:\/\/blog.cancaonova.com\/vocacional\/wp-json\/wp\/v2\/posts\/9011"}],"collection":[{"href":"https:\/\/blog.cancaonova.com\/vocacional\/wp-json\/wp\/v2\/posts"}],"about":[{"href":"https:\/\/blog.cancaonova.com\/vocacional\/wp-json\/wp\/v2\/types\/post"}],"author":[{"embeddable":true,"href":"https:\/\/blog.cancaonova.com\/vocacional\/wp-json\/wp\/v2\/users\/4612"}],"replies":[{"embeddable":true,"href":"https:\/\/blog.cancaonova.com\/vocacional\/wp-json\/wp\/v2\/comments?post=9011"}],"version-history":[{"count":4,"href":"https:\/\/blog.cancaonova.com\/vocacional\/wp-json\/wp\/v2\/posts\/9011\/revisions"}],"predecessor-version":[{"id":11417,"href":"https:\/\/blog.cancaonova.com\/vocacional\/wp-json\/wp\/v2\/posts\/9011\/revisions\/11417"}],"wp:featuredmedia":[{"embeddable":true,"href":"https:\/\/blog.cancaonova.com\/vocacional\/wp-json\/wp\/v2\/media\/9013"}],"wp:attachment":[{"href":"https:\/\/blog.cancaonova.com\/vocacional\/wp-json\/wp\/v2\/media?parent=9011"}],"wp:term":[{"taxonomy":"category","embeddable":true,"href":"https:\/\/blog.cancaonova.com\/vocacional\/wp-json\/wp\/v2\/categories?post=9011"},{"taxonomy":"post_tag","embeddable":true,"href":"https:\/\/blog.cancaonova.com\/vocacional\/wp-json\/wp\/v2\/tags?post=9011"}],"curies":[{"name":"wp","href":"https:\/\/api.w.org\/{rel}","templated":true}]}}