{"id":9259,"date":"2019-07-01T09:30:32","date_gmt":"2019-07-01T12:30:32","guid":{"rendered":"http:\/\/blog.cancaonova.com\/vocacional\/?p=9259"},"modified":"2021-07-12T15:08:14","modified_gmt":"2021-07-12T18:08:14","slug":"ninguem-tem-o-direito-de-te-roubar-esperanca","status":"publish","type":"post","link":"https:\/\/blog.cancaonova.com\/vocacional\/ninguem-tem-o-direito-de-te-roubar-esperanca\/","title":{"rendered":"Ningu\u00e9m tem o direito de te roubar a esperan\u00e7a"},"content":{"rendered":"<h2><span style=\"font-weight: 400\">Ainda que erres, poder\u00e1s sempre levantar a cabe\u00e7a e voltar a come\u00e7ar, porque ningu\u00e9m tem o direito de te roubar a esperan\u00e7a. (Christus Vivit, n\u00ba 142)<\/span><\/h2>\n<p><span style=\"font-weight: 400\">Neste caminho que estamos fazendo com a Exorta\u00e7\u00e3o Apost\u00f3lica Christus Vivit, a carta aos jovens, chegamos ao cap\u00edtulo V que traz como tema: Percursos de Juventude. Nele o Santo Padre, Papa Francisco, inicia o cap\u00edtulo falando de algo que \u00e9 muito caracter\u00edstico na vida dos jovens: sonhos e op\u00e7\u00f5es.&nbsp;&nbsp;<\/span><\/p>\n<p><i><span style=\"font-weight: 400\">Como fase do desenvolvimento da personalidade, a juventude est\u00e1 marcada por sonhos que se v\u00e3o formando, rela\u00e7\u00f5es que adquirem consist\u00eancia sempre maior e equil\u00edbrio, tentativas e experi\u00eancias, op\u00e7\u00f5es que constroem gradualmente um projeto de vida. Nesta \u00e9poca da vida, os jovens s\u00e3o chamados a lan\u00e7ar-se para diante, mas sem cortar com as ra\u00edzes, a construir autonomia mas n\u00e3o sozinhos (Christus Vivit, n\u00ba 137)<\/span><\/i><\/p>\n<p><span style=\"font-weight: 400\">\u00c9 pr\u00f3prio da juventude sonhar, projetar a vida e quando se trata de servir a Deus, na maioria das vezes, aparecem os medos de que estes sonhos sejam interrompidos. Mas o que acontece \u00e9 exatamente o contr\u00e1rio, nosso relacionamento com Deus nos leva a viv\u00eancia cada vez mais completa destes sonhos, e a lugares que superam at\u00e9 mesmo as nossas expectativas.&nbsp;<\/span><\/p>\n<h2><span style=\"font-weight: 400\">Ningu\u00e9m tem o direito de te roubar a esperan\u00e7a<\/span><\/h2>\n<p><em><span style=\"font-weight: 400\">Devemos perseverar no caminho dos sonhos. Para isso, \u00e9 preciso ter cuidado com uma tenta\u00e7\u00e3o que muitas vezes nos engana: a ansiedade. Pode tornar-se uma grande inimiga, quando leva a render-nos, porque descobrimos que os resultados n\u00e3o s\u00e3o imediatos. Os sonhos mais belos conquistam-se com esperan\u00e7a, paci\u00eancia e determina\u00e7\u00e3o, renunciando \u00e0s pressas. Ao mesmo tempo, \u00e9 preciso n\u00e3o se deixar bloquear pela inseguran\u00e7a: n\u00e3o se deve ter medo de arriscar e cometer erros; devemos, sim, ter medo de viver paralisados, como mortos ainda em vida, sujeitos que n\u00e3o vivem porque n\u00e3o querem arriscar, n\u00e3o perseveram nos seus compromissos ou t\u00eam medo de errar. Ainda que erres, poder\u00e1s sempre levantar a cabe\u00e7a e&nbsp;<\/span>voltar a come\u00e7ar<span style=\"font-weight: 400\">, porque ningu\u00e9m tem o direito de te roubar a esperan\u00e7a. (Christus Vivit, n\u00ba 142)<\/span><\/em><\/p>\n<div id=\"attachment_9260\" style=\"width: 1890px\" class=\"wp-caption aligncenter\"><img loading=\"lazy\" decoding=\"async\" aria-describedby=\"caption-attachment-9260\" class=\"wp-image-9260 size-full\" title=\"Foto: pexels-photo-1062280\" src=\"http:\/\/blog.cancaonova.com\/vocacional\/files\/2019\/06\/Esperan\u00e7a-pexels-photo-1062280.jpeg\" alt=\"\" width=\"1880\" height=\"1253\" srcset=\"https:\/\/blog.cancaonova.com\/vocacional\/files\/2019\/06\/Esperan\u00e7a-pexels-photo-1062280.jpeg 1880w, https:\/\/blog.cancaonova.com\/vocacional\/files\/2019\/06\/Esperan\u00e7a-pexels-photo-1062280-300x200.jpeg 300w, https:\/\/blog.cancaonova.com\/vocacional\/files\/2019\/06\/Esperan\u00e7a-pexels-photo-1062280-768x512.jpeg 768w\" sizes=\"(max-width: 1880px) 100vw, 1880px\" \/><p id=\"caption-attachment-9260\" class=\"wp-caption-text\"><em>Foto: pexels-photo-1062280<\/em><\/p><\/div>\n<h2><span style=\"font-weight: 400\">Jovem, eu te ordeno: Levanta-te!<\/span><\/h2>\n<p><span style=\"font-weight: 400\">Recordo de dois jovens ressuscitados por Jesus: o filho da vi\u00fava de Naim e a filha de Jairo, ambos envoltos em situa\u00e7\u00f5es de morte, mas o Senhor vai ao encontro de cada um para devolver-lhes a vida, a esperan\u00e7a, a juventude:&nbsp;<\/span><\/p>\n<p><i><span style=\"font-weight: 400\">&#8220;Ao chegar perto da porta da cidade, eis que levavam um defunto a ser sepultado, filho \u00fanico de uma vi\u00fava; acompanhava-a muita gente da cidade. Vendo-a o Senhor, movido de compaix\u00e3o para com ela, disse-lhe: \u201cN\u00e3o chores!\u201d. E, aproximando-se, tocou no esquife, e os que o levavam pararam. Disse Jesus: \u201cMo\u00e7o, eu te ordeno, levanta-te\u201d. Sentou-se o que estivera morto e come\u00e7ou a falar, e Jesus entregou-o \u00e0 sua m\u00e3e.&#8221; &nbsp; (conf. <\/span><\/i><i><span style=\"font-weight: 400\">Lc 7,11-17)&nbsp;<\/span><\/i><\/p>\n<p><i><span style=\"font-weight: 400\">&#8220;Enquanto ainda falava, veio algu\u00e9m e disse ao chefe da sinagoga: \u201cTua filha acaba de morrer; n\u00e3o incomodes mais o Mestre\u201d. Mas Jesus o ouviu e disse a Jairo: \u201cN\u00e3o temas; cr\u00ea somente e ela ser\u00e1 salva\u201d. Quando Jesus chegou \u00e0 casa, n\u00e3o deixou ningu\u00e9m entrar com ele, sen\u00e3o Pedro, Tiago, Jo\u00e3o com o pai e a m\u00e3e da menina. Todos, entretanto, choravam e se lamentavam. Mas Jesus disse: \u201cN\u00e3o choreis; a menina n\u00e3o morreu, mas dorme.\u201d Zombavam dele, pois sabiam bem que estava morta. Mas segurando ele a m\u00e3o dela, disse em alta voz: \u201cMenina, levanta-te!\u201d. Voltou-lhe a vida e ela levantou-se imediatamente. Jesus mandou que lhe dessem de comer.&#8221; (conf. Lc 8, 49-55)<\/span><\/i><\/p>\n<p><b>Mais sobre a Christus Vivit:&nbsp;<\/b><\/p>\n<p><span style=\"font-weight: 400\">:: <\/span><a href=\"https:\/\/blog.cancaonova.com\/vocacional\/precisas-de-amor-buscas-intensidade\/\"><span style=\"font-weight: 400\">Precisas de amor? Buscas intensidade?<\/span><\/a><\/p>\n<p><span style=\"font-weight: 400\">:: <\/span><a href=\"https:\/\/blog.cancaonova.com\/vocacional\/o-amor-e-dor-igualmente-se-perdem-num-abraco\/\"><span style=\"font-weight: 400\">O amor e a dor igualmente se \u201cperdem\u201d num abra\u00e7o<\/span><\/a><\/p>\n<p><span style=\"font-weight: 400\">:: <\/span><a href=\"https:\/\/blog.cancaonova.com\/vocacional\/o-amor-de-deus-supera-a-medida-do-amor-humano\/\"><span style=\"font-weight: 400\">O Amor de Deus supera a medida do amor humano<\/span><\/a><\/p>\n<h2><span style=\"font-weight: 400\">Entregai-vos ao melhor da vida!<\/span><\/h2>\n<p><span style=\"font-weight: 400\">Hoje o Senhor tamb\u00e9m te diz: Mo\u00e7o, Mo\u00e7a, levanta-te! Retorna a Vida! Tua juventude foi feita para manifestar a juventude do Cristo Vivo! Volta a sonhar! Tenha a coragem de recome\u00e7ar, pois o Senhor est\u00e1 contigo! <\/span><i><span style=\"font-weight: 400\">N\u00e3o sejais carros estacionados, mas deixai brotar os sonhos e tomai decis\u00f5es. Ainda que vos enganeis, arriscai. N\u00e3o sobrevivais com a alma anestesiada, nem olheis o mundo como se f\u00f4sseis turistas. Fazei-vos ouvir! Lan\u00e7ai fora os medos que vos paralisam, para n\u00e3o vos tornardes jovens mumificados. Vivei! Entregai-vos ao melhor da vida! Abri as portas da gaiola e sa\u00ed a voar! Por favor, n\u00e3o vos aposenteis antes do tempo<\/span><\/i> <i><span style=\"font-weight: 400\">(Christus Vivit, n\u00ba 143)<\/span><\/i><\/p>\n<p>&nbsp;<\/p>\n<p><b>Patr\u00edcia Co\u00ealho Costa<\/b><\/p>\n<p><span style=\"font-weight: 400\">Comunidade Can\u00e7\u00e3o Nova<\/span><\/p>\n","protected":false},"excerpt":{"rendered":"<p>Ainda que erres, poder\u00e1s sempre levantar a cabe\u00e7a e voltar a come\u00e7ar, porque ningu\u00e9m tem o direito de te roubar a esperan\u00e7a. (Christus Vivit, n\u00ba 142) <a href=\"https:\/\/blog.cancaonova.com\/vocacional\/ninguem-tem-o-direito-de-te-roubar-esperanca\/\">Continue lendo <span class=\"meta-nav\">&rarr;<\/span><\/a><\/p>\n","protected":false},"author":4731,"featured_media":9260,"comment_status":"open","ping_status":"open","sticky":false,"template":"","format":"standard","meta":{"_mi_skip_tracking":false,"_monsterinsights_sitenote_active":false,"_monsterinsights_sitenote_note":"","_monsterinsights_sitenote_category":0,"_joinchat":[],"footnotes":""},"categories":[],"tags":[],"_links":{"self":[{"href":"https:\/\/blog.cancaonova.com\/vocacional\/wp-json\/wp\/v2\/posts\/9259"}],"collection":[{"href":"https:\/\/blog.cancaonova.com\/vocacional\/wp-json\/wp\/v2\/posts"}],"about":[{"href":"https:\/\/blog.cancaonova.com\/vocacional\/wp-json\/wp\/v2\/types\/post"}],"author":[{"embeddable":true,"href":"https:\/\/blog.cancaonova.com\/vocacional\/wp-json\/wp\/v2\/users\/4731"}],"replies":[{"embeddable":true,"href":"https:\/\/blog.cancaonova.com\/vocacional\/wp-json\/wp\/v2\/comments?post=9259"}],"version-history":[{"count":5,"href":"https:\/\/blog.cancaonova.com\/vocacional\/wp-json\/wp\/v2\/posts\/9259\/revisions"}],"predecessor-version":[{"id":9270,"href":"https:\/\/blog.cancaonova.com\/vocacional\/wp-json\/wp\/v2\/posts\/9259\/revisions\/9270"}],"wp:featuredmedia":[{"embeddable":true,"href":"https:\/\/blog.cancaonova.com\/vocacional\/wp-json\/wp\/v2\/media\/9260"}],"wp:attachment":[{"href":"https:\/\/blog.cancaonova.com\/vocacional\/wp-json\/wp\/v2\/media?parent=9259"}],"wp:term":[{"taxonomy":"category","embeddable":true,"href":"https:\/\/blog.cancaonova.com\/vocacional\/wp-json\/wp\/v2\/categories?post=9259"},{"taxonomy":"post_tag","embeddable":true,"href":"https:\/\/blog.cancaonova.com\/vocacional\/wp-json\/wp\/v2\/tags?post=9259"}],"curies":[{"name":"wp","href":"https:\/\/api.w.org\/{rel}","templated":true}]}}