{"id":9271,"date":"2019-07-03T15:00:34","date_gmt":"2019-07-03T18:00:34","guid":{"rendered":"http:\/\/blog.cancaonova.com\/vocacional\/?p=9271"},"modified":"2021-07-12T15:08:06","modified_gmt":"2021-07-12T18:08:06","slug":"ele-disse-que-cuidaria-da-minha-familia-e-ficaria-em-meu-lugar","status":"publish","type":"post","link":"https:\/\/blog.cancaonova.com\/vocacional\/ele-disse-que-cuidaria-da-minha-familia-e-ficaria-em-meu-lugar\/","title":{"rendered":"Ele me disse que cuidaria da minha fam\u00edlia e ficaria em meu lugar"},"content":{"rendered":"<h2><i><span style=\"font-weight: 400\">\u201c Percebo concretamente que Jesus ficou em meu lugar e minha fam\u00edlia colhe muitos frutos\u201d, testemunha mission\u00e1rio sobre sua voca\u00e7\u00e3o.&nbsp;<\/span><\/i><\/h2>\n<p><span style=\"font-weight: 400\">Sou Andr\u00e9 Gomes, 35 anos e, gra\u00e7as a Deus, h\u00e1 10 anos consagrado a Ele na Comunidade Can\u00e7\u00e3o Nova. Conheci a Can\u00e7\u00e3o Nova em 2006 e assistindo alguns trechos das missas e visitando a Sede da Comunidade em Cachoeira Paulista \u2013 SP percebi algo diferente, tive algumas confirma\u00e7\u00f5es de Deus e o in\u00edcio do Caminho Vocacional foi r\u00e1pido, j\u00e1 em 2007. <\/span><\/p>\n<p><span style=\"font-weight: 400\">Minha vida durante o Caminho foi intensa, um per\u00edodo de grandes e profundas experi\u00eancias com Deus, uma entrega di\u00e1ria e sem medidas, um per\u00edodo de muitos frutos.&nbsp;<\/span><span style=\"font-weight: 400\">Percebi que a espiritualidade que eu era impulsionado a viver, ap\u00f3s meu Encontro Pessoal com Jesus, era a espiritualidade da Can\u00e7\u00e3o Nova, ent\u00e3o isso alegrou o meu cora\u00e7\u00e3o, pois percebi que Deus tudo encaminhava e aos poucos revelava Sua vontade.<\/span><\/p>\n<div id=\"attachment_9272\" style=\"width: 950px\" class=\"wp-caption aligncenter\"><img loading=\"lazy\" decoding=\"async\" aria-describedby=\"caption-attachment-9272\" class=\"wp-image-9272 size-full\" title=\"Foto: Larissa Ramos\/cancaonova.com\" src=\"http:\/\/blog.cancaonova.com\/vocacional\/files\/2019\/07\/Ele-me-disse-que-cuidaria-da-minha-fam\u00edlia-e-ficaria-em-meu-lugar.png\" alt=\"\" width=\"940\" height=\"788\" srcset=\"https:\/\/blog.cancaonova.com\/vocacional\/files\/2019\/07\/Ele-me-disse-que-cuidaria-da-minha-fam\u00edlia-e-ficaria-em-meu-lugar.png 940w, https:\/\/blog.cancaonova.com\/vocacional\/files\/2019\/07\/Ele-me-disse-que-cuidaria-da-minha-fam\u00edlia-e-ficaria-em-meu-lugar-300x251.png 300w, https:\/\/blog.cancaonova.com\/vocacional\/files\/2019\/07\/Ele-me-disse-que-cuidaria-da-minha-fam\u00edlia-e-ficaria-em-meu-lugar-768x644.png 768w\" sizes=\"(max-width: 940px) 100vw, 940px\" \/><p id=\"caption-attachment-9272\" class=\"wp-caption-text\">Foto: Larissa Ramos\/cancaonova.com<\/p><\/div>\n<h2><i><span style=\"font-weight: 400\">Jesus assume o lugar daquele que deixa tudo para segui-Lo<\/span><\/i><\/h2>\n<p><span style=\"font-weight: 400\">Antes de minha experi\u00eancia com Deus, no meu cora\u00e7\u00e3o havia o desejo de estar em um lugar onde todos tivessem o mesmo objetivo, as mesmas aspira\u00e7\u00f5es e percebi que a Can\u00e7\u00e3o Nova era esse lugar. Mas em 2008 meu pai faleceu e no final deste mesmo ano fiquei sabendo que entraria para Comunidade, ent\u00e3o fiquei com receio de deixar minha m\u00e3e e minha irm\u00e3 naquele momento e pedi que o Senhor me desse certeza que aquele era o momento certo de iniciar essa nova etapa em minha vida, foi que ent\u00e3o Ele me disse que cuidaria da minha fam\u00edlia, que Ele ficaria em meu lugar. Diante disso, tive a certeza que seria o tempo de ingressar na Can\u00e7\u00e3o Nova e em 2009 iniciei nessa Companhia de Pesca.<\/span><\/p>\n<p><span style=\"font-weight: 400\">Nesses 10 anos de voca\u00e7\u00e3o percebo concretamente que Jesus ficou em meu lugar, Ele me deu a clareza, a paz que eu precisa para permanecer aqui e minha fam\u00edlia colhe muitos frutos nesse tempo. Hoje somos mais pr\u00f3ximos, tenho duas sobrinhas, casei em 2017 e temos um filho de 4 meses, uma ben\u00e7\u00e3o em nossa vida. Gra\u00e7as a Deus, Ele cuida de n\u00f3s e nos capacita! Sou muito feliz realizando minha voca\u00e7\u00e3o ao lado da Jeisy e, agora com o Pedro e minha fam\u00edlia est\u00e1 crescendo e se fortalecendo!&nbsp;<\/span><\/p>\n<p><strong>Leia o testemunho de outros membros:<\/strong><\/p>\n<p>::&nbsp;<a href=\"https:\/\/blog.cancaonova.com\/vocacional\/nao-tenhas-medo-de-dizer-sim-deus\/\">N\u00e3o tenhas medo de dizer sim a Deus<\/a><\/p>\n<div class=\"entry-meta\">::&nbsp;<a href=\"https:\/\/blog.cancaonova.com\/vocacional\/vale-pena-ser-de-deus-e-acreditar-nos-planos-que-ele-tem-pra-nos\/\">Vale a pena ser de Deus e acreditar nos planos que Ele tem pra n\u00f3s!<\/a><\/div>\n<p>::&nbsp;<a href=\"https:\/\/blog.cancaonova.com\/vocacional\/missionaria-testemunha-sua-transformacao-em-deus\/\">Mission\u00e1ria testemunha sua transforma\u00e7\u00e3o em Deus<\/a><\/p>\n<h2><i><span style=\"font-weight: 400\">Se voc\u00ea for daqui, seja muito bem vindo(a)<\/span><\/i><\/h2>\n<p><span style=\"font-weight: 400\">A Can\u00e7\u00e3o Nova \u00e9 uma obra de Deus e \u00e9 um maravilhoso instrumento; \u00e9 uma Companhia que proporciona o Encontro Pessoal com Jesus a muitas pessoas e se voc\u00ea est\u00e1 conhecendo a Can\u00e7\u00e3o Nova agora ou j\u00e1 conhece e sente algo diferente por essa miss\u00e3o, mas ainda n\u00e3o iniciou um processo de discernimento vocacional, tome uma decis\u00e3o e perceba o quanto Deus te ama e quer que voc\u00ea siga Seus caminhos. Pode ser que voc\u00ea descubra que seu lugar n\u00e3o \u00e9 na Can\u00e7\u00e3o Nova, reze por n\u00f3s e permane\u00e7a na busca pela santidade e na busca do seu lugar na Igreja, mas se voc\u00ea for daqui, seja muito bem vindo(a), ser\u00e1 uma alegria contemplar as maravilhas de Deus em sua voca\u00e7\u00e3o! Pois, foi Deus quem nos escolheu!<\/span><\/p>\n<p>&nbsp;<\/p>\n<p><b>Andr\u00e9 Gomes<\/b><\/p>\n<p><span style=\"font-weight: 400\">Comunidade Can\u00e7\u00e3o Nova<\/span><\/p>\n","protected":false},"excerpt":{"rendered":"<p>\u201c Percebo concretamente que Jesus ficou em meu lugar e minha fam\u00edlia colhe muitos frutos\u201d, testemunha mission\u00e1rio sobre sua voca\u00e7\u00e3o.\u00a0<br \/>\n <a href=\"https:\/\/blog.cancaonova.com\/vocacional\/ele-disse-que-cuidaria-da-minha-familia-e-ficaria-em-meu-lugar\/\">Continue lendo <span class=\"meta-nav\">&rarr;<\/span><\/a><\/p>\n","protected":false},"author":4612,"featured_media":9272,"comment_status":"open","ping_status":"open","sticky":false,"template":"","format":"standard","meta":{"_mi_skip_tracking":false,"_monsterinsights_sitenote_active":false,"_monsterinsights_sitenote_note":"","_monsterinsights_sitenote_category":0,"_joinchat":[],"footnotes":""},"categories":[5011,18416,101,141],"tags":[43645,18360,18416,40877,135274,97,163441],"_links":{"self":[{"href":"https:\/\/blog.cancaonova.com\/vocacional\/wp-json\/wp\/v2\/posts\/9271"}],"collection":[{"href":"https:\/\/blog.cancaonova.com\/vocacional\/wp-json\/wp\/v2\/posts"}],"about":[{"href":"https:\/\/blog.cancaonova.com\/vocacional\/wp-json\/wp\/v2\/types\/post"}],"author":[{"embeddable":true,"href":"https:\/\/blog.cancaonova.com\/vocacional\/wp-json\/wp\/v2\/users\/4612"}],"replies":[{"embeddable":true,"href":"https:\/\/blog.cancaonova.com\/vocacional\/wp-json\/wp\/v2\/comments?post=9271"}],"version-history":[{"count":4,"href":"https:\/\/blog.cancaonova.com\/vocacional\/wp-json\/wp\/v2\/posts\/9271\/revisions"}],"predecessor-version":[{"id":9276,"href":"https:\/\/blog.cancaonova.com\/vocacional\/wp-json\/wp\/v2\/posts\/9271\/revisions\/9276"}],"wp:featuredmedia":[{"embeddable":true,"href":"https:\/\/blog.cancaonova.com\/vocacional\/wp-json\/wp\/v2\/media\/9272"}],"wp:attachment":[{"href":"https:\/\/blog.cancaonova.com\/vocacional\/wp-json\/wp\/v2\/media?parent=9271"}],"wp:term":[{"taxonomy":"category","embeddable":true,"href":"https:\/\/blog.cancaonova.com\/vocacional\/wp-json\/wp\/v2\/categories?post=9271"},{"taxonomy":"post_tag","embeddable":true,"href":"https:\/\/blog.cancaonova.com\/vocacional\/wp-json\/wp\/v2\/tags?post=9271"}],"curies":[{"name":"wp","href":"https:\/\/api.w.org\/{rel}","templated":true}]}}