{"id":9545,"date":"2019-09-20T09:00:25","date_gmt":"2019-09-20T12:00:25","guid":{"rendered":"http:\/\/blog.cancaonova.com\/vocacional\/?p=9545"},"modified":"2021-07-12T13:54:49","modified_gmt":"2021-07-12T16:54:49","slug":"gaste-tempo-com-biblia","status":"publish","type":"post","link":"https:\/\/blog.cancaonova.com\/vocacional\/gaste-tempo-com-biblia\/","title":{"rendered":"Gaste tempo com a B\u00edblia"},"content":{"rendered":"<h2><span style=\"font-weight: 400\">Felizes os que entenderam a import\u00e2ncia da B\u00edblia no seu dia-a-dia.<\/span><\/h2>\n<p><span style=\"font-weight: 400\">Perguntaram a um crist\u00e3o, homem de neg\u00f3cios:<\/span><\/p>\n<p><em><span style=\"font-weight: 400\">&#8211; Como voc\u00ea pode se dar ao luxo de gastar tanto tempo com&nbsp; a B\u00edblia?<\/span><\/em><\/p>\n<p><span style=\"font-weight: 400\">&nbsp;E ele respondeu:&nbsp;<\/span><\/p>\n<p><em><span style=\"font-weight: 400\">&#8211; O que n\u00e3o posso \u00e9 me dar ao luxo de n\u00e3o gastar apenas esse tempo com a Palavra de Deus. E ningu\u00e9m pode. \u00c9 preciso dar a C\u00e9sar o que \u00e9 de C\u00e9sar, e dar a Deus o que \u00e9 de Deus. Esse tempo \u00e9 de Deus.<\/span><\/em><\/p>\n<p><span style=\"font-weight: 400\">Infelizmente muitos crist\u00e3os n\u00e3o o entenderam ainda. E aqui poder\u00edamos parafrasear a passagem de S\u00e3o Paulo aos Cor\u00edntios:&nbsp;<\/span><\/p>\n<p><em><span style=\"font-weight: 400\">\u201cEsta \u00e9 a raz\u00e3o por que entre v\u00f3s muitos andam doentes e enfraquecidos e muitos j\u00e1 mortos\u201d (1 Cor 11,30)<\/span><\/em><\/p>\n<p>D\u00ea voc\u00ea tamb\u00e9m a Deus o tempo que \u00e9 de Deus!<\/p>\n<div id=\"attachment_9549\" style=\"width: 810px\" class=\"wp-caption aligncenter\"><img loading=\"lazy\" decoding=\"async\" aria-describedby=\"caption-attachment-9549\" class=\"wp-image-9549 size-full\" title=\"Foto: Wesley Almeida\/cancaonova.com\" src=\"http:\/\/blog.cancaonova.com\/vocacional\/files\/2019\/09\/Gaste-tempo-com-a-B\u00edblia.jpg\" alt=\"\" width=\"800\" height=\"600\" srcset=\"https:\/\/blog.cancaonova.com\/vocacional\/files\/2019\/09\/Gaste-tempo-com-a-B\u00edblia.jpg 800w, https:\/\/blog.cancaonova.com\/vocacional\/files\/2019\/09\/Gaste-tempo-com-a-B\u00edblia-300x225.jpg 300w, https:\/\/blog.cancaonova.com\/vocacional\/files\/2019\/09\/Gaste-tempo-com-a-B\u00edblia-768x576.jpg 768w\" sizes=\"(max-width: 800px) 100vw, 800px\" \/><p id=\"caption-attachment-9549\" class=\"wp-caption-text\">Foto: Wesley Almeida\/cancaonova.com<\/p><\/div>\n<p><strong>Leia tamb\u00e9m:<\/strong><\/p>\n<p>::&nbsp;<a href=\"https:\/\/blog.cancaonova.com\/vocacional\/ler-a-biblia-e-como-visitar-um-amigo\/\">Ler a B\u00edblia \u00e9 como visitar um Amigo<\/a><\/p>\n<p>::&nbsp;<a href=\"https:\/\/blog.cancaonova.com\/vocacional\/como-voce-le-biblia\/\">Como voc\u00ea l\u00ea a B\u00edblia?<\/a><\/p>\n<p>::&nbsp;<a href=\"https:\/\/blog.cancaonova.com\/vocacional\/a-cancao-nova-nasceu-da-palavra-de-deus-2\/\">A Can\u00e7\u00e3o Nova nasceu da Palavra de Deus<\/a><\/p>\n<p><span style=\"font-weight: 400\">Sem alimento ningu\u00e9m vive. A cada dia que passa temos de colher a nosso por\u00e7\u00e3o de alimento, assim como o povo de Deus colhia a por\u00e7\u00e3o do Man\u00e1. Do contr\u00e1rio, andaremos cambaleando pelo deserto da vida e, talvez, n\u00e3o cheguemos \u00e0 \u201cterra prometida\u201d. Morreremos no deserto por falta de alimento.&nbsp;<\/span><\/p>\n<p><span style=\"font-weight: 400\">Felizes, por\u00e9m, os que se alimentam do P\u00e3o da Vida, porque esses viver\u00e3o eternamente.&nbsp;<\/span><span style=\"font-weight: 400\">Felizes os que entenderam a import\u00e2ncia da B\u00edblia no seu dia-a-dia. Eles ser\u00e3o os vencedores.&nbsp;<\/span><\/p>\n<p><span style=\"font-weight: 400\"><strong>(Texto do Livro<\/strong> &#8211; <a href=\"http:\/\/loja.cancaonova.com\/ofertas\/especial-mes-da-biblia-42\">A B\u00edblia no meu dia-a-dia<\/a>)&nbsp;<\/span><\/p>\n<p><img loading=\"lazy\" decoding=\"async\" class=\"aligncenter wp-image-9550 \" src=\"http:\/\/blog.cancaonova.com\/vocacional\/files\/2019\/09\/livro.png\" alt=\"\" width=\"147\" height=\"223\" srcset=\"https:\/\/blog.cancaonova.com\/vocacional\/files\/2019\/09\/livro.png 330w, https:\/\/blog.cancaonova.com\/vocacional\/files\/2019\/09\/livro-197x300.png 197w\" sizes=\"(max-width: 147px) 100vw, 147px\" \/><\/p>\n","protected":false},"excerpt":{"rendered":"<p>Felizes os que entenderam a import\u00e2ncia da B\u00edblia no seu dia-a-dia.<br \/>\n <a href=\"https:\/\/blog.cancaonova.com\/vocacional\/gaste-tempo-com-biblia\/\">Continue lendo <span class=\"meta-nav\">&rarr;<\/span><\/a><\/p>\n","protected":false},"author":4612,"featured_media":9549,"comment_status":"open","ping_status":"open","sticky":false,"template":"","format":"standard","meta":{"_mi_skip_tracking":false,"_monsterinsights_sitenote_active":false,"_monsterinsights_sitenote_note":"","_monsterinsights_sitenote_category":0,"_joinchat":[],"footnotes":""},"categories":[5011,23,16317],"tags":[],"_links":{"self":[{"href":"https:\/\/blog.cancaonova.com\/vocacional\/wp-json\/wp\/v2\/posts\/9545"}],"collection":[{"href":"https:\/\/blog.cancaonova.com\/vocacional\/wp-json\/wp\/v2\/posts"}],"about":[{"href":"https:\/\/blog.cancaonova.com\/vocacional\/wp-json\/wp\/v2\/types\/post"}],"author":[{"embeddable":true,"href":"https:\/\/blog.cancaonova.com\/vocacional\/wp-json\/wp\/v2\/users\/4612"}],"replies":[{"embeddable":true,"href":"https:\/\/blog.cancaonova.com\/vocacional\/wp-json\/wp\/v2\/comments?post=9545"}],"version-history":[{"count":3,"href":"https:\/\/blog.cancaonova.com\/vocacional\/wp-json\/wp\/v2\/posts\/9545\/revisions"}],"predecessor-version":[{"id":9553,"href":"https:\/\/blog.cancaonova.com\/vocacional\/wp-json\/wp\/v2\/posts\/9545\/revisions\/9553"}],"wp:featuredmedia":[{"embeddable":true,"href":"https:\/\/blog.cancaonova.com\/vocacional\/wp-json\/wp\/v2\/media\/9549"}],"wp:attachment":[{"href":"https:\/\/blog.cancaonova.com\/vocacional\/wp-json\/wp\/v2\/media?parent=9545"}],"wp:term":[{"taxonomy":"category","embeddable":true,"href":"https:\/\/blog.cancaonova.com\/vocacional\/wp-json\/wp\/v2\/categories?post=9545"},{"taxonomy":"post_tag","embeddable":true,"href":"https:\/\/blog.cancaonova.com\/vocacional\/wp-json\/wp\/v2\/tags?post=9545"}],"curies":[{"name":"wp","href":"https:\/\/api.w.org\/{rel}","templated":true}]}}