{"id":9588,"date":"2019-10-03T11:25:50","date_gmt":"2019-10-03T14:25:50","guid":{"rendered":"http:\/\/blog.cancaonova.com\/vocacional\/?p=9588"},"modified":"2021-07-12T13:56:57","modified_gmt":"2021-07-12T16:56:57","slug":"omissao-e-o-contrario-da-missao","status":"publish","type":"post","link":"https:\/\/blog.cancaonova.com\/vocacional\/omissao-e-o-contrario-da-missao\/","title":{"rendered":"A omiss\u00e3o \u00e9 o contr\u00e1rio da miss\u00e3o"},"content":{"rendered":"<h2>Viver de omiss\u00f5es \u00e9 renegar a nossa voca\u00e7\u00e3o: a&nbsp;omiss\u00e3o&nbsp;\u00e9 o contr\u00e1rio da&nbsp;miss\u00e3o, afirma o Papa Francisco.<\/h2>\n<p>Na par\u00e1bola que ouvimos, o Senhor apresenta-Se como um homem que, antes de partir,&nbsp;<i>chama<\/i>&nbsp;os servos para lhes entregar os seus bens (cf.&nbsp;<i>Mt<\/i>&nbsp;25, 14). Deus confiou-nos os seus bens maiores: a nossa vida, a vida dos outros, tantos dons diferentes a cada um. E estes bens, estes talentos n\u00e3o representam algo que se deve guardar no cofre, representam uma chamada: o Senhor chama-nos a fazer render os talentos com ousadia e criatividade. Deus perguntar-nos-\u00e1 se entramos em jogo, arriscando e acabando talvez mal vistos. Este M\u00eas Mission\u00e1rio extraordin\u00e1rio quer ser uma sacudidela que nos provoca a ser&nbsp;<i>ativos no bem<\/i>. N\u00e3o not\u00e1rios da f\u00e9 e guardi\u00f5es da gra\u00e7a, mas mission\u00e1rios.<\/p>\n<p>Torna-se mission\u00e1rio, vivendo como testemunha: testemunhando com a vida que se conhece Jesus. \u00c9 a vida que fala. Testemunha \u00e9 a palavra-chave; uma palavra que tem a mesma raiz e significado de m\u00e1rtir. E os m\u00e1rtires s\u00e3o as primeiras testemunhas da f\u00e9: n\u00e3o por palavras, mas com a vida. Sabem que a f\u00e9 n\u00e3o \u00e9 propaganda nem proselitismo, mas um respeitoso dom de vida. Vivem espalhando paz e alegria, amando a todos, incluindo os inimigos, por amor de Jesus. Deste modo n\u00f3s, que descobrimos ser filhos do Pai celeste, como podemos ocultar a alegria de ser amados, a certeza de ser sempre preciosos aos olhos de Deus? \u00c9 o an\u00fancio que muitas pessoas aguardam. E \u00e9 nossa responsabilidade lev\u00e1-lo. Neste m\u00eas, perguntemo-nos: Como \u00e9 o meu testemunho?<\/p>\n<div id=\"attachment_9589\" style=\"width: 810px\" class=\"wp-caption aligncenter\"><img loading=\"lazy\" decoding=\"async\" aria-describedby=\"caption-attachment-9589\" class=\"wp-image-9589 size-full\" title=\"Foto criado por rawpixel.com - br.freepik.com\" src=\"http:\/\/blog.cancaonova.com\/vocacional\/files\/2019\/10\/A-omiss\u00e3o-\u00e9-o-contr\u00e1rio-da-miss\u00e3o.jpg\" alt=\"\" width=\"800\" height=\"529\" srcset=\"https:\/\/blog.cancaonova.com\/vocacional\/files\/2019\/10\/A-omiss\u00e3o-\u00e9-o-contr\u00e1rio-da-miss\u00e3o.jpg 800w, https:\/\/blog.cancaonova.com\/vocacional\/files\/2019\/10\/A-omiss\u00e3o-\u00e9-o-contr\u00e1rio-da-miss\u00e3o-300x198.jpg 300w, https:\/\/blog.cancaonova.com\/vocacional\/files\/2019\/10\/A-omiss\u00e3o-\u00e9-o-contr\u00e1rio-da-miss\u00e3o-768x508.jpg 768w\" sizes=\"(max-width: 800px) 100vw, 800px\" \/><p id=\"caption-attachment-9589\" class=\"wp-caption-text\">Foto criado por rawpixel.com &#8211; br.freepik.com<\/p><\/div>\n<h2>O segredo para possuir a vida \u00e9 do\u00e1-la<\/h2>\n<p>No final da par\u00e1bola, o Senhor chama \u00abbom e fiel\u00bb quem foi empreendedor; e, ao contr\u00e1rio, \u00abmau e pregui\u00e7oso\u00bb o servo que se colocou na defensiva (cf. 25, 21.23.26). Por que raz\u00e3o Deus \u00e9 t\u00e3o severo com este servo que teve medo? Que mal fez ele? O seu mal foi&nbsp;<i>n\u00e3o ter feito bem<\/i>, pecou por&nbsp;<i>omiss\u00e3o<\/i>. Santo Alberto Hurtado dizia: \u00ab\u00c9 bem n\u00e3o fazer mal. Mas \u00e9 mal n\u00e3o fazer bem\u00bb. Tal \u00e9 o pecado de omiss\u00e3o. E isto pode ser o pecado duma vida inteira, porque recebemos a vida, n\u00e3o para enterr\u00e1-la, mas para a colocar em jogo; n\u00e3o para ret\u00ea-la, mas para a dar. Quem est\u00e1 com Jesus sabe que&nbsp;<i>tem aquilo que se d\u00e1<\/i>, possui aquilo que se doa; e o segredo para possuir a vida \u00e9 do\u00e1-la. Viver de omiss\u00f5es \u00e9 renegar a nossa voca\u00e7\u00e3o: a&nbsp;<i>omiss\u00e3o<\/i>&nbsp;\u00e9 o contr\u00e1rio da&nbsp;<i>miss\u00e3o<\/i>.<\/p>\n<p>Pecamos por omiss\u00e3o, isto \u00e9, contra a miss\u00e3o, quando, em vez de espalhar a alegria, nos fechamos numa triste vitimiza\u00e7\u00e3o, pensando que ningu\u00e9m nos ama nem compreende. Pecamos contra a miss\u00e3o, quando cedemos \u00e0 resigna\u00e7\u00e3o: \u00abN\u00e3o consigo fazer isto, n\u00e3o sou capaz\u00bb. Mas como \u00e9 poss\u00edvel? Deus deu-te talentos, e tu consideras-te assim t\u00e3o pobre que n\u00e3o podes enriquecer ningu\u00e9m? Pecamos contra a miss\u00e3o, quando, num lamento sem fim, continuamos a dizer que est\u00e1 tudo mal, no mundo e na Igreja. Pecamos contra a miss\u00e3o, quando ca\u00edmos escravos dos medos que imobilizam, e nos deixamos paralisar pelo \u00absempre se fez assim\u00bb. E pecamos contra a miss\u00e3o, quando vivemos a vida como um peso e n\u00e3o como um dom; quando, no centro, estamos n\u00f3s com as nossas fadigas, n\u00e3o os irm\u00e3os e irm\u00e3s que esperam ser amados.<\/p>\n<h2>Por favor, n\u00e3o vivamos uma f\u00e9 \u00abde sacristia\u00bb<\/h2>\n<p>\u00abDeus ama quem d\u00e1 com alegria\u00bb (<i>2 Cor<\/i>&nbsp;9, 7). Ama uma Igreja que vive em sa\u00edda. Mas estejamos atentos: se n\u00e3o vive em sa\u00edda, n\u00e3o \u00e9 Igreja. A Igreja est\u00e1 feita para a estrada, a Igreja caminha. Uma Igreja em sa\u00edda, mission\u00e1ria \u00e9 uma Igreja que n\u00e3o perde tempo a lamentar-se pelas coisas que n\u00e3o funcionam, pelos fi\u00e9is que diminuem, pelos valores de outrora que j\u00e1 n\u00e3o existem. Uma Igreja que n\u00e3o procura o\u00e1sis protegidos para estar tranquila; deseja apenas ser&nbsp;<i>sal da terra e fermento para o mundo<\/i>. Esta Igreja sabe que a sua for\u00e7a \u00e9 a mesma de Jesus: n\u00e3o a relev\u00e2ncia social ou institucional, mas o amor humilde e gratuito.<\/p>\n<p>Hoje entramos no Outubro Mission\u00e1rio acompanhados por tr\u00eas \u00abservos\u00bb que ostentaram muito fruto. Mostra-nos o caminho Santa Teresa do Menino Jesus, que fez da ora\u00e7\u00e3o o combust\u00edvel da a\u00e7\u00e3o mission\u00e1ria no mundo. Este \u00e9 tamb\u00e9m o m\u00eas do Ros\u00e1rio: Quanto rezamos n\u00f3s pela difus\u00e3o do Evangelho, para nos convertermos da omiss\u00e3o \u00e0 miss\u00e3o? Temos depois S\u00e3o Francisco Xavier, um dos grandes mission\u00e1rios da Igreja. Tamb\u00e9m ele nos sacode: Sa\u00edmos da nossa concha, somos capazes de deixar as nossas comodidades pelo Evangelho? E h\u00e1 a Vener\u00e1vel Paulina Jaricot, uma oper\u00e1ria que apoia as miss\u00f5es com o seu trabalho di\u00e1rio: com as parcelas que deduzia do sal\u00e1rio, deu in\u00edcio \u00e0s Obras Mission\u00e1rias Pontif\u00edcias. E n\u00f3s, fazemos de cada dia um dom para superar a fratura entre Evangelho e vida? Por favor, n\u00e3o vivamos uma f\u00e9 \u00abde sacristia\u00bb.<\/p>\n<p><strong>Leia tamb\u00e9m:&nbsp;<\/strong><\/p>\n<p>::&nbsp;<a href=\"https:\/\/blog.cancaonova.com\/vocacional\/pede-e-te-darei-como-heranca-nacoes\/\">\u201cPede-me e te darei como heran\u00e7a as na\u00e7\u00f5es\u201d<\/a><\/p>\n<p>::<a href=\"https:\/\/blog.cancaonova.com\/vocacional\/vocacao-e-missao-e-tudo-igual\/\">&nbsp;Voca\u00e7\u00e3o e miss\u00e3o. \u00c9 tudo igual?<\/a><\/p>\n<h2>Coragem! O Senhor espera muito de ti<\/h2>\n<p>Acompanham-nos uma religiosa, um sacerdote e uma leiga. Dizem-nos que ningu\u00e9m est\u00e1 exclu\u00eddo da miss\u00e3o da Igreja. Sim, neste m\u00eas, o Senhor chama-te tamb\u00e9m a ti. Chama a ti, pai e m\u00e3e de fam\u00edlia; a ti, jovem que sonhas com grandes coisas; a ti, que trabalhas numa f\u00e1brica, numa loja, num banco, num restaurante; a ti, que est\u00e1s sem trabalho; a ti, que est\u00e1s numa cama de hospital&#8230; O Senhor pede que te fa\u00e7as dom no lugar onde est\u00e1s, assim como est\u00e1s, com quem est\u00e1 ao teu lado; que n\u00e3o te limites a sofrer a vida, mas a d\u00eas; que n\u00e3o te limites a chorar os teus infort\u00fanios, mas deixa-te levar pelas l\u00e1grimas de quem sofre. Coragem! O Senhor espera muito de ti. Espera tamb\u00e9m que algu\u00e9m tenha a coragem de partir, ir aonde h\u00e1 mais falta de esperan\u00e7a e dignidade, aonde tantas pessoas vivem ainda sem a alegria do Evangelho. \u00abMas tenho de ir sozinho?\u00bb N\u00e3o! Isso \u00e9 errado.<\/p>\n<p>Se temos em mente fazer a miss\u00e3o com organiza\u00e7\u00f5es empresariais, com planos de trabalho, \u00e9 errado. O protagonista da miss\u00e3o \u00e9 o Esp\u00edrito Santo. Ele \u00e9 o protagonista da miss\u00e3o. Tu vais com o Esp\u00edrito Santo.Vai! O Senhor n\u00e3o te deixar\u00e1 sozinho; dando testemunho, descobrir\u00e1s que o Esp\u00edrito Santo chegou antes de ti para te preparar o caminho. Coragem, irm\u00e3os e irm\u00e3s! Coragem, M\u00e3e Igreja: reencontra a tua fecundidade na alegria da miss\u00e3o!<\/p>\n<p>&nbsp;<\/p>\n<p><em><span style=\"color: #000000\"><strong>(Homilia do Papa Francisco &#8211; Bas\u00edlica&nbsp;Vaticana&nbsp;Ter\u00e7a-feira, 1 de outubro de 2019)<\/strong><\/span><\/em><\/p>\n<p>&nbsp;<\/p>\n<p>Fonte:&nbsp;<a href=\"http:\/\/w2.vatican.va\/content\/francesco\/pt\/homilies\/2019\/documents\/papa-francesco_20191001_omelia-vespri-mesemissionario.html\">http:\/\/w2.vatican.va<\/a><\/p>\n","protected":false},"excerpt":{"rendered":"<p>Viver de omiss\u00f5es \u00e9 renegar a nossa voca\u00e7\u00e3o: a\u00a0omiss\u00e3o\u00a0\u00e9 o contr\u00e1rio da\u00a0miss\u00e3o, afirma o Papa Francisco.<br \/>\n <a href=\"https:\/\/blog.cancaonova.com\/vocacional\/omissao-e-o-contrario-da-missao\/\">Continue lendo <span class=\"meta-nav\">&rarr;<\/span><\/a><\/p>\n","protected":false},"author":4612,"featured_media":9589,"comment_status":"open","ping_status":"open","sticky":false,"template":"","format":"standard","meta":{"_mi_skip_tracking":false,"_monsterinsights_sitenote_active":false,"_monsterinsights_sitenote_note":"","_monsterinsights_sitenote_category":0,"_joinchat":[],"footnotes":""},"categories":[],"tags":[32,142291],"_links":{"self":[{"href":"https:\/\/blog.cancaonova.com\/vocacional\/wp-json\/wp\/v2\/posts\/9588"}],"collection":[{"href":"https:\/\/blog.cancaonova.com\/vocacional\/wp-json\/wp\/v2\/posts"}],"about":[{"href":"https:\/\/blog.cancaonova.com\/vocacional\/wp-json\/wp\/v2\/types\/post"}],"author":[{"embeddable":true,"href":"https:\/\/blog.cancaonova.com\/vocacional\/wp-json\/wp\/v2\/users\/4612"}],"replies":[{"embeddable":true,"href":"https:\/\/blog.cancaonova.com\/vocacional\/wp-json\/wp\/v2\/comments?post=9588"}],"version-history":[{"count":2,"href":"https:\/\/blog.cancaonova.com\/vocacional\/wp-json\/wp\/v2\/posts\/9588\/revisions"}],"predecessor-version":[{"id":9591,"href":"https:\/\/blog.cancaonova.com\/vocacional\/wp-json\/wp\/v2\/posts\/9588\/revisions\/9591"}],"wp:featuredmedia":[{"embeddable":true,"href":"https:\/\/blog.cancaonova.com\/vocacional\/wp-json\/wp\/v2\/media\/9589"}],"wp:attachment":[{"href":"https:\/\/blog.cancaonova.com\/vocacional\/wp-json\/wp\/v2\/media?parent=9588"}],"wp:term":[{"taxonomy":"category","embeddable":true,"href":"https:\/\/blog.cancaonova.com\/vocacional\/wp-json\/wp\/v2\/categories?post=9588"},{"taxonomy":"post_tag","embeddable":true,"href":"https:\/\/blog.cancaonova.com\/vocacional\/wp-json\/wp\/v2\/tags?post=9588"}],"curies":[{"name":"wp","href":"https:\/\/api.w.org\/{rel}","templated":true}]}}