{"id":9632,"date":"2019-10-18T11:05:06","date_gmt":"2019-10-18T14:05:06","guid":{"rendered":"http:\/\/blog.cancaonova.com\/vocacional\/?p=9632"},"modified":"2021-07-12T13:57:39","modified_gmt":"2021-07-12T16:57:39","slug":"tudo-por-causa-da-missao","status":"publish","type":"post","link":"https:\/\/blog.cancaonova.com\/vocacional\/tudo-por-causa-da-missao\/","title":{"rendered":"Tudo por causa da Miss\u00e3o"},"content":{"rendered":"<h2>Posso dizer sem receio que vale a pena&nbsp;investir a vida na Miss\u00e3o de evangelizar, afirma o fundador da Can\u00e7\u00e3o Nova.<\/h2>\n<p>\u201cUma Comunidade s\u00f3 pode florescer se existir para uma finalidade <em>fora<\/em> de si mesma\u201d, Gra\u00e7as a Deus a Can\u00e7\u00e3o Nova existe para uma finalidade fora de si mesma:<em> nossa miss\u00e3o \u00e9&nbsp;evangelizar.<\/em> Mas existe tamb\u00e9m para uma finalidade <em>dentro<\/em> de si mesma: <em>evangelizar-nos&nbsp;uns aos outros<\/em>. Abrir-nos para a necessidade urgente de recupera\u00e7\u00e3o e colaborarmos uns&nbsp;com os outros nesse processo de recupera\u00e7\u00e3o.&nbsp;<em>Somos uma Comunidade de Evangeliza\u00e7\u00e3o para n\u00f3s e para os outros<\/em>.&nbsp;Somos uma Casa de Recupera\u00e7\u00e3o para n\u00f3s e para os outros. \u00c9 nessa dire\u00e7\u00e3o que se projeta&nbsp;a nossa vida.<\/p>\n<p>Somos uma comunidade de vida apost\u00f3lica. Vivemos em fun\u00e7\u00e3o da miss\u00e3o de&nbsp;Evangelizar. Nos reunimos em comunidade por causa da Miss\u00e3o. Assumimos e&nbsp;desempenhamos os v\u00e1rios trabalhos por causa da Miss\u00e3o. Estudamos, nos aperfei\u00e7oamos&nbsp;em vista desta Miss\u00e3o. Nos aventuramos em novas frentes de trabalho para que a Miss\u00e3o&nbsp;que nos cabe se realize plenamente. A nossa vida se passa toda em torno da realiza\u00e7\u00e3o da&nbsp;Miss\u00e3o. <em>\u00c9 um privil\u00e9gio poder investir a vida na Miss\u00e3o de Evangelizar.<\/em><\/p>\n<div id=\"attachment_9634\" style=\"width: 910px\" class=\"wp-caption aligncenter\"><img loading=\"lazy\" decoding=\"async\" aria-describedby=\"caption-attachment-9634\" class=\"wp-image-9634 size-full\" title=\"Foto: cancaonova.com\" src=\"http:\/\/blog.cancaonova.com\/vocacional\/files\/2019\/10\/Tudo-por-causa-da-Miss\u00e3o.jpg\" alt=\"\" width=\"900\" height=\"600\" srcset=\"https:\/\/blog.cancaonova.com\/vocacional\/files\/2019\/10\/Tudo-por-causa-da-Miss\u00e3o.jpg 900w, https:\/\/blog.cancaonova.com\/vocacional\/files\/2019\/10\/Tudo-por-causa-da-Miss\u00e3o-300x200.jpg 300w, https:\/\/blog.cancaonova.com\/vocacional\/files\/2019\/10\/Tudo-por-causa-da-Miss\u00e3o-768x512.jpg 768w\" sizes=\"(max-width: 900px) 100vw, 900px\" \/><p id=\"caption-attachment-9634\" class=\"wp-caption-text\">Foto: cancaonova.com<\/p><\/div>\n<h2>Faz parte da nossa&nbsp;miss\u00e3o <em>santificar<\/em> as realidades deste mundo pela <em>santidade<\/em> de nossa vida.<\/h2>\n<p>A amplitude e o alcance da nossa Miss\u00e3o Evangelizadora n\u00f3s encontramos na <em>Evangelii&nbsp;Nuntiandi<\/em>. Foi dela que nascemos e, por vontade de Deus, existimos como comunidade para&nbsp;realizar o seu conte\u00fado. Esta Exorta\u00e7\u00e3o Apost\u00f3lica de Paulo VI Ser\u00e1 sempre para n\u00f3s um&nbsp;<em>documento fundamental<\/em>. Nele encontramos delineada a nossa miss\u00e3o na Igreja.<\/p>\n<p>Percebemos pela nossa hist\u00f3ria que Deus nos aponta uma maneira preferencial, n\u00e3o&nbsp;exclusiva, de realizar esta miss\u00e3o: <em>\u00e9 o evangelizar atrav\u00e9s dos encontros e retiros e atrav\u00e9s&nbsp;dos meios de comunica\u00e7\u00e3o social.<\/em><\/p>\n<p>Nosso campo de batalha \u00e9 este mundo. N\u00e3o cabe a n\u00f3s deix\u00e1-lo em busca de uma&nbsp;seguran\u00e7a para a nossa salva\u00e7\u00e3o pessoal. Pelo contr\u00e1rio, Deus nos quer em comunidade&nbsp;inseridos nas realidades deste mundo para sermos Igreja no mundo. Faz parte da nossa&nbsp;miss\u00e3o <em>santificar<\/em> as realidades deste mundo pela santidade de nossa vida:<strong>&nbsp;<\/strong><em><strong>\u201cN\u00e3o pe\u00e7o que os tireis do mundo, mas sim que os preserves do mal. Eles n\u00e3o s\u00e3o do mundo,&nbsp;como tamb\u00e9m eu n\u00e3o sou do mundo. Santifica-os pela verdade. A tua Palavra \u00e9 a verdade.&nbsp;Como tu me enviaste ao mundo, tamb\u00e9m eu os enviei ao mundo. Santifico-me por eles para&nbsp;que tamb\u00e9m eles sejam santificados pela verdade\u201d (Jo 17, 15-19)<\/strong>.<\/em><\/p>\n<h4>Leia tamb\u00e9m:<\/h4>\n<p>::&nbsp;<a href=\"https:\/\/blog.cancaonova.com\/vocacional\/historia-deste-povo-e-um-divisor-de-aguas-na-minha-vocacao\/\">A hist\u00f3ria deste povo \u00e9 um divisor de \u00e1guas na minha voca\u00e7\u00e3o<\/a><\/p>\n<p>::&nbsp;<a href=\"https:\/\/blog.cancaonova.com\/vocacional\/sem-conhecer-o-outro-seria-impossivel-evangeliza-lo\/\">Sem conhecer o outro seria imposs\u00edvel evangeliza-lo<\/a><\/p>\n<p>::<a href=\"https:\/\/blog.cancaonova.com\/vocacional\/omissao-e-o-contrario-da-missao\/\">&nbsp;A omiss\u00e3o \u00e9 o contr\u00e1rio da miss\u00e3o<\/a><\/p>\n<p>&nbsp;<\/p>\n<h2>Nossa Miss\u00e3o \u00e9 Evangelizar<\/h2>\n<p>Deus nos trouxe para a Can\u00e7\u00e3o Nova por causa da miss\u00e3o. Ele nos deu as qualidades que&nbsp;temos por causa da miss\u00e3o. Ele est\u00e1 fazendo com que as nossas aptid\u00f5es aflorem e se&nbsp;concretizem por causa da miss\u00e3o. Ele nos prepara, nos d\u00e1 oportunidade de estudar, de fazer&nbsp;cursos, de nos aperfei\u00e7oar por causa da miss\u00e3o.&nbsp;Digo mais: Ele nos quis vivendo em comunidade por causa da miss\u00e3o. Ele nos quer nesse&nbsp;ou naquele estado de vida por causa da miss\u00e3o. A nossa espiritualidade \u00e9 por causa da miss\u00e3o.<\/p>\n<p>Nossa vida fraterna, enfim, tudo na nossa vida est\u00e1 em fun\u00e7\u00e3o da miss\u00e3o.&nbsp;Deus investe em n\u00f3s, na nossa sa\u00fade, na nossa alimenta\u00e7\u00e3o e vestu\u00e1rio, nos meios de&nbsp;que necessitamos por causa da miss\u00e3o. Podemos contar com a Sua Provid\u00eancia porque Ele&nbsp;cuida dos oper\u00e1rios que Ele mesmo convocou para a miss\u00e3o. Tudo por causa da Miss\u00e3o. Ela&nbsp;\u00e9 o objetivo de Deus. Ela \u00e9 a finalidade de nossa vida. Posso dizer sem receio que vale a pena&nbsp;investir a vida na Miss\u00e3o de evangelizar.<\/p>\n<p>Evangelizar \u00e9 mais do que falar do Evangelho. \u00c9 mais do que pregar o Kerigma. \u00c9&nbsp;comunicar Jesus Cristo. \u00c9 comunicar a vida nova que Ele nos trouxe: o Seu Evangelho.&nbsp;Dizemos \u201ccomunicar\u201d porque o que se faz \u00e9 transmitir Vida. Transmitir o que somos, o&nbsp;que vivemos. Estamos \u201cligados\u201d no Deus que comunicamos, na vida que comunicamos, e&nbsp;\u201cligados\u201d nas pessoas a quem comunicamos Deus pela nossa Miss\u00e3o. Nossa Miss\u00e3o \u00e9&nbsp;Evangelizar. \u00c9 comunicar o Cristo com quem vivemos. \u00c9 comunicar a vida que com Ele&nbsp;vivemos.<\/p>\n<p>&nbsp;<\/p>\n<p><strong>Monsenhor Jonas Abib<\/strong><\/p>\n<p>Fundador da Comunidade Can\u00e7\u00e3o Nova<\/p>\n","protected":false},"excerpt":{"rendered":"<p>Posso dizer sem receio que vale a pena\u00a0investir a vida na Miss\u00e3o de evangelizar, afirma o fundador da Can\u00e7\u00e3o Nova. <a href=\"https:\/\/blog.cancaonova.com\/vocacional\/tudo-por-causa-da-missao\/\">Continue lendo <span class=\"meta-nav\">&rarr;<\/span><\/a><\/p>\n","protected":false},"author":4612,"featured_media":9634,"comment_status":"open","ping_status":"open","sticky":false,"template":"","format":"standard","meta":{"_mi_skip_tracking":false,"_monsterinsights_sitenote_active":false,"_monsterinsights_sitenote_note":"","_monsterinsights_sitenote_category":0,"_joinchat":[],"footnotes":""},"categories":[5011,16317],"tags":[43645,18360,18416,40877,16739,163441],"_links":{"self":[{"href":"https:\/\/blog.cancaonova.com\/vocacional\/wp-json\/wp\/v2\/posts\/9632"}],"collection":[{"href":"https:\/\/blog.cancaonova.com\/vocacional\/wp-json\/wp\/v2\/posts"}],"about":[{"href":"https:\/\/blog.cancaonova.com\/vocacional\/wp-json\/wp\/v2\/types\/post"}],"author":[{"embeddable":true,"href":"https:\/\/blog.cancaonova.com\/vocacional\/wp-json\/wp\/v2\/users\/4612"}],"replies":[{"embeddable":true,"href":"https:\/\/blog.cancaonova.com\/vocacional\/wp-json\/wp\/v2\/comments?post=9632"}],"version-history":[{"count":1,"href":"https:\/\/blog.cancaonova.com\/vocacional\/wp-json\/wp\/v2\/posts\/9632\/revisions"}],"predecessor-version":[{"id":9635,"href":"https:\/\/blog.cancaonova.com\/vocacional\/wp-json\/wp\/v2\/posts\/9632\/revisions\/9635"}],"wp:featuredmedia":[{"embeddable":true,"href":"https:\/\/blog.cancaonova.com\/vocacional\/wp-json\/wp\/v2\/media\/9634"}],"wp:attachment":[{"href":"https:\/\/blog.cancaonova.com\/vocacional\/wp-json\/wp\/v2\/media?parent=9632"}],"wp:term":[{"taxonomy":"category","embeddable":true,"href":"https:\/\/blog.cancaonova.com\/vocacional\/wp-json\/wp\/v2\/categories?post=9632"},{"taxonomy":"post_tag","embeddable":true,"href":"https:\/\/blog.cancaonova.com\/vocacional\/wp-json\/wp\/v2\/tags?post=9632"}],"curies":[{"name":"wp","href":"https:\/\/api.w.org\/{rel}","templated":true}]}}