{"id":9757,"date":"2020-04-02T14:41:22","date_gmt":"2020-04-02T17:41:22","guid":{"rendered":"http:\/\/blog.cancaonova.com\/vocacional\/?p=9757"},"modified":"2021-07-12T13:46:23","modified_gmt":"2021-07-12T16:46:23","slug":"tudo-concorre-para-o-bem","status":"publish","type":"post","link":"https:\/\/blog.cancaonova.com\/vocacional\/tudo-concorre-para-o-bem\/","title":{"rendered":"Tudo concorre para o bem daqueles que amam a Deus"},"content":{"rendered":"<h2>&#8220;<em>Tudo concorre para o bem daqueles que amam a Deus e s\u00e3o chamados segundo os seus des\u00edgnios&#8221;<\/em>. (Rm 8,28)<\/h2>\n<p><span style=\"font-weight: 400\">Ol\u00e1 querido amigo, vocacionado e simpatizante da Can\u00e7\u00e3o Nova.&nbsp; Destes dias em casa de quarentena, posso dizer que vi, li e ouvi muita coisa. Desde os notici\u00e1rios aterrorizantes e assustadores, memes engra\u00e7ados e de humor negro, piadas em \u00e1udio, v\u00eddeos e fotos dos mais variados poss\u00edveis. Eu amo esse povo brasileiro, criativo mesmo nos tempos de grande crise mundial, e ainda conservar uma esperan\u00e7a e uma capacidade de supera\u00e7\u00e3o impressionante. Se isso \u00e9 do ser humano em geral, posso dizer que o brasileiro herdou uma porcentagem a mais do Deus Criador.&nbsp;<\/span><\/p>\n<p><span style=\"font-weight: 400\">Quando Deus pensou o territ\u00f3rio brasileiro&#8230; ele deu um jeitinho de colocar um povo feliz, um povo que responde a quem pergunta se est\u00e1 tudo bem:&nbsp; \u201cTudo bem, gra\u00e7as a Deus\u201d.<\/span> <span style=\"font-weight: 400\">Al\u00e9m desta peculiaridade as vezes at\u00e9 um pouco superficial de nossa parte, para n\u00e3o entrar em detalhes dos nossos sofrimentos, olhemos nestas poucas linhas, para a nossa situa\u00e7\u00e3o atual. Tem gente reclamando, com certeza&#8230; nossos pais e av\u00f3s que n\u00e3o aguentam mais ficar em casa&#8230; algumas m\u00e3es est\u00e3o enlouquecendo com seus filhos, e dependendo o marido tamb\u00e9m est\u00e1 de quarentena, e talvez a sogra, o sogro, sem contar os c\u00e3es, gatos, papagaios, tartarugas, peixes&#8230; enfim, todo mundo em casa! Ningu\u00e9m sai at\u00e9 segunda ordem.<\/span><\/p>\n<p><span style=\"font-weight: 400\">Uma frase sempre me acompanhou na minha vida e creio que ela pode iluminar a nossa reflex\u00e3o,&nbsp; est\u00e1 em Romanos 8, 28: &#8220;<em>Tudo concorre para o bem daqueles que amam a Deus e s\u00e3o chamados segundo os seus des\u00edgnios&#8221;<\/em>.&nbsp;<\/span> <span style=\"font-weight: 400\">Eu acredito que no meio de tudo isso, esta palavra de Deus, que afirma que <\/span><i><span style=\"font-weight: 400\">Tudo concorre para o bem<\/span><\/i><span style=\"font-weight: 400\">, n\u00e3o exclui nenhum item da condi\u00e7\u00e3o humana, ferida pelo pecado e sujeita a caducidade.&nbsp;<\/span><\/p>\n<div id=\"attachment_9761\" style=\"width: 1090px\" class=\"wp-caption aligncenter\"><img loading=\"lazy\" decoding=\"async\" aria-describedby=\"caption-attachment-9761\" class=\"wp-image-9761 size-full\" title=\"Foto: Arquivo Pessoal (Cris Monteiro)\" src=\"http:\/\/blog.cancaonova.com\/vocacional\/files\/2020\/04\/Tudo-concorre-para-o-bem-2.png\" alt=\"\" width=\"1080\" height=\"720\" srcset=\"https:\/\/blog.cancaonova.com\/vocacional\/files\/2020\/04\/Tudo-concorre-para-o-bem-2.png 1080w, https:\/\/blog.cancaonova.com\/vocacional\/files\/2020\/04\/Tudo-concorre-para-o-bem-2-300x200.png 300w, https:\/\/blog.cancaonova.com\/vocacional\/files\/2020\/04\/Tudo-concorre-para-o-bem-2-768x512.png 768w\" sizes=\"(max-width: 1080px) 100vw, 1080px\" \/><p id=\"caption-attachment-9761\" class=\"wp-caption-text\">Foto: Arquivo Pessoal (Cris Monteiro)<\/p><\/div>\n<h2><b>Tempo favor\u00e1vel para desenvolver um maior relacionamento com Deus<\/b><\/h2>\n<p><span style=\"font-weight: 400\">Aqui na Can\u00e7\u00e3o Nova de Cachoeira Paulista, estamos seguindo as ordens de quarentena: todos em casa. Funcionam poucos servi\u00e7os e com as cautelas necess\u00e1rias.&nbsp;<\/span> <span style=\"font-weight: 400\">Aproveitamos para ler, aprofundar a Palavra de Deus, rezamos juntos ou particular, aproveitamos para ter um devido descanso, e acima de tudo cultivar a amizade com Deus. N\u00e3o podemos ir a Igreja, participar da missa como gostar\u00edamos, mas o cora\u00e7\u00e3o est\u00e1 em Deus.&nbsp; Ele est\u00e1 perto da pessoa que o invoca (Sl 145, 18). <\/span><\/p>\n<p><span style=\"font-weight: 400\">Estamos certos que nem mesmo a priva\u00e7\u00e3o dos sacramentos, nos pode separar do amor de Cristo (Rm 8, 35-36). Nos unimos a Ele, o invocamos e acreditamos que Ele est\u00e1 conosco at\u00e9 os fins dos tempos (Mt 28, 20b). Isso se chama f\u00e9 na Palavra do Senhor que n\u00e3o falha jamais. Nestes dias seria muito importante, mais que dar cr\u00e9dito \u00e0s palavras que andam dizendo nos meios de comunica\u00e7\u00e3o, ter mais confian\u00e7a e por a nossa f\u00e9 na Palavra de Deus. Pedir ao Esp\u00edrito Santo que Ele nos ajude a ler os acontecimentos do tempo presente com o olhar da f\u00e9, enfim como um verdadeiro Cristo. Ent\u00e3o o primeiro ponto positivo nesta quarentena: <\/span><i><span style=\"font-weight: 400\">crescer na amizade com Deus.&nbsp;<\/span><\/i><\/p>\n<h2><b>Aprofundar os relacionamentos de amizade e fraternidade<\/b><\/h2>\n<p><span style=\"font-weight: 400\">Um outro aspecto importante \u00e9 avaliar a qualidade do amor com que vivemos os nossos relacionamentos humanos. Acho que pra todos, em menor ou maior grau evidenciaram-se algumas coisas bem importantes, e que estando em casa, nos faz pensar, ou pelo menos deveria nos levar \u00e0 uma reflex\u00e3o profunda do nosso ser crist\u00e3o dentro de casa, com quem nos conhece e somos conhecidos.<\/span> <span style=\"font-weight: 400\">Em geral, quando estamos por mais tempo juntos, podem surgir algumas tens\u00f5es e as diferen\u00e7as se&nbsp; acentuam. <\/span><\/p>\n<p><span style=\"font-weight: 400\">A prova de fogo, vai ser estar assim t\u00e3o juntinho, e ver como de fato estamos amando e at\u00e9 medir a delicadeza do coice de cavalo, ou seja, o modo como tratamos as pessoas que dizemos de amar. Pior vai ser descobrir que o seu familiar, \u00e9 exatamente a \u00faltima pessoa que voc\u00ea levaria com voc\u00ea numa ilha deserta&#8230; ent\u00e3o cabe\u00e7a pensante: d\u00e1 uma olhada nas suas rela\u00e7\u00f5es e veja as suas dificuldades de rela\u00e7\u00e3o e tenha a coragem de dar passos no amor. <\/span><\/p>\n<p><span style=\"font-weight: 400\">O Esp\u00edrito Santo nos auxilia nesta via de purifica\u00e7\u00e3o. Aprender a amar \u00e9 um passo de maturidade que podemos dar em dire\u00e7\u00e3o aos nossos irm\u00e3os, amigos e familiares. <\/span><i><span style=\"font-weight: 400\">Ser\u00e1 que podemos dar a vida por cada um deles?<\/span><\/i><span style=\"font-weight: 400\">&nbsp;<\/span> <span style=\"font-weight: 400\">Segundo ponto positivo da quarentena: <\/span><i><span style=\"font-weight: 400\">crescimento no amor aos irm\u00e3os e familiares<\/span><\/i><span style=\"font-weight: 400\">. Isso n\u00e3o vem de improviso, isso se cultiva na experi\u00eancia dura de amar e ser amado, do dar e do receber perd\u00e3o de encontrar elementos essenciais e n\u00e3o somente o que nos divide e separa. Exerc\u00edcio pra vida toda e uma oportunidade enorme na quarentena.&nbsp;<\/span><\/p>\n<h2><b>Minhas aspira\u00e7\u00f5es e esperan\u00e7as&nbsp;<\/b><\/h2>\n<p><span style=\"font-weight: 400\">Estes dias de trevas desmascarou a minha covardia perante a morte. Eu quero ver a Deus.. mas parece que nem penso em fechar os olhos. Conceitualmente temos presente que a vida plenamente em Deus, que \u00e9 o objeto da nossa esperan\u00e7a, n\u00e3o se pode ver com os olhos da carne. Como Crist\u00e3os, almejamos o c\u00e9u, mas sem passar por nenhuma morte.&nbsp;<\/span> <span style=\"font-weight: 400\">O simples fato de pensar em pegar uma doen\u00e7a que poderia nos levar\u00e1 a morte, \u00e9 j\u00e1 um desespero. Talvez seja porque n\u00e3o estamos preparados para morrer. <\/span><\/p>\n<p><span style=\"font-weight: 400\">Antigamente se pensava mais na morte, como possibilidade de todo o ser vivo. Hoje n\u00e3o falamos mais a respeito e quase ningu\u00e9m se prepara para este dia. Vive como se a sua vida terminasse aqui na terra. Vamos acordar, pois aqui n\u00e3o \u00e9 a nossa cidade permanente, temos a Jerusal\u00e9m celeste, mais linda e formosa e livre dessa corrup\u00e7\u00e3o generalizada. A terra prometida existe, mas n\u00e3o pertence a esta realidade humana! Um lugar foi preparado para cada uma de n\u00f3s. Isso professa&nbsp; a nossa f\u00e9 e \u00e9 objeto da nossa esperan\u00e7a.&nbsp;<\/span><\/p>\n<p><span style=\"font-weight: 400\">Se h\u00e1 alguns dias, pens\u00e1vamos de construir nosso imp\u00e9rio de riquezas e futilidades, acordemos desta paranoia, pois o nosso futuro n\u00e3o vai ser aqui, neste mundo meu querido irm\u00e3o.<\/span> <span style=\"font-weight: 400\">Isso n\u00e3o significa abster-se de nossas responsabilidades, mas como nos diz a palavra de Deus: \u201cO tempo oportuno abreviou-se. Ent\u00e3o, que, doravante, os que t\u00eam mulher, vivam como se n\u00e3o tivessem; e os que tiram proveito deste mundo como se n\u00e3o aproveitasse, pois passa a figura deste mundo\u201d(I Cor, 7, 29.31).&nbsp;<\/span><\/p>\n<p><span style=\"font-weight: 400\">A B\u00edblia \u00e9 cheia de epis\u00f3dios que mostram claramente o triunfo do bem, diante de situa\u00e7\u00f5es humanas totalmente desfavor\u00e1veis. Vejamos alguns exemplos para iluminar a nossa reflex\u00e3o.&nbsp;<\/span> <span style=\"font-weight: 400\">Comecemos pelo pecado de Ad\u00e3o e Eva, o que ele trouxe de bem? Na vig\u00edlia pascal vamos cantar: \u201cOh pecado de Ad\u00e3o indispens\u00e1vel, pois o Cristo o dissolve em seu amor; \u00f3 culpa t\u00e3o feliz que h\u00e1 merecido, a gra\u00e7a de um t\u00e3o grande Redentor\u201d.&nbsp;&nbsp;<\/span><\/p>\n<h2><strong>Tempo de Conhecer mais o Senhor<\/strong><\/h2>\n<p><span style=\"font-weight: 400\">A venda de Jos\u00e9, aos mercantes do Egito, gerou no futuro um bem enorme a todos os povos, inclusive a sua fam\u00edlia. Deus ampliou o horizonte de Jos\u00e9, mesmo diante daquela injusti\u00e7a cometida por seus irm\u00e3os.&nbsp;<\/span> <span style=\"font-weight: 400\">Outro epis\u00f3dio surpreendente no in\u00edcio da Igreja. A Igreja perseguida nos Atos dos Ap\u00f3stolos 8, 1b 11, 19-21 causou a dispers\u00e3o, e assim os crist\u00e3os da Di\u00e1spora levaram a Palavra de Deus em todo o mundo ent\u00e3o conhecido.&nbsp;<\/span><\/p>\n<p><span style=\"font-weight: 400\">O esc\u00e2ndalo do Calv\u00e1rio, em um Cristo morto por causa de nossos pecados, trouxe a tona o evento mais maravilhoso de toda a hist\u00f3ria. O triunfo de Cristo sobre a morte e o pecado, deu gratuitamente a cada um de n\u00f3s acesso ao Pai, nos tornou filhos nos Filho.<\/span> <span style=\"font-weight: 400\">Esta maestria de Deus, de tirar um bem de cada situa\u00e7\u00e3o absurda humanamente falando, \u00e9 o modo dele trabalhar na hist\u00f3ria.&nbsp;<\/span><\/p>\n<p><span style=\"font-weight: 400\">Agora n\u00e3o \u00e9 poss\u00edvel colher todos os frutos deste tempo, mas vivamos da melhor maneira o tempo presente que nos \u00e9 dado. Este contexto atual no qual cada pessoa vive \u00e9 o lugar da manifesta\u00e7\u00e3o de Deus. Como Santo Agostinho, tenhamos o santo temor deste Deus que passa com a sua gra\u00e7a e a exemplo de Paulo, um dia possamos dizer: a sua gra\u00e7a em mim, n\u00e3o foi em v\u00e3o (I Cor, 15, 10).&nbsp;&nbsp;<\/span> <span style=\"font-weight: 400\">Portanto meus queridos irm\u00e3os, \u201cconhe\u00e7amos, persigamos o conhecimento do Senhor. Como a aurora \u00e9 certa a sua manifesta\u00e7\u00e3o (Os, 6, 3).&nbsp;<\/span> &nbsp;<\/p>\n<p>&nbsp;<\/p>\n<p><img loading=\"lazy\" decoding=\"async\" class=\"aligncenter wp-image-9785 \" src=\"http:\/\/blog.cancaonova.com\/vocacional\/files\/2020\/04\/Assinatura-Cris-Monteiro.jpg\" alt=\"\" width=\"821\" height=\"289\" srcset=\"https:\/\/blog.cancaonova.com\/vocacional\/files\/2020\/04\/Assinatura-Cris-Monteiro.jpg 3000w, https:\/\/blog.cancaonova.com\/vocacional\/files\/2020\/04\/Assinatura-Cris-Monteiro-300x106.jpg 300w, https:\/\/blog.cancaonova.com\/vocacional\/files\/2020\/04\/Assinatura-Cris-Monteiro-768x270.jpg 768w\" sizes=\"(max-width: 821px) 100vw, 821px\" \/><\/p>\n<p><img loading=\"lazy\" decoding=\"async\" class=\"aligncenter wp-image-9764 \" src=\"http:\/\/blog.cancaonova.com\/vocacional\/files\/2020\/04\/Assinatura-Cris-Monteiro-1.png\" alt=\"\" width=\"751\" height=\"264\"><\/p>\n","protected":false},"excerpt":{"rendered":"<p>&#8220;Tudo concorre para o bem daqueles que amam a Deus e s\u00e3o chamados segundo os seus des\u00edgnios&#8221;. (Rm 8,28)<\/p>\n<p> <a href=\"https:\/\/blog.cancaonova.com\/vocacional\/tudo-concorre-para-o-bem\/\">Continue lendo <span class=\"meta-nav\">&rarr;<\/span><\/a><\/p>\n","protected":false},"author":4612,"featured_media":9761,"comment_status":"open","ping_status":"open","sticky":false,"template":"","format":"standard","meta":{"_mi_skip_tracking":false,"_monsterinsights_sitenote_active":false,"_monsterinsights_sitenote_note":"","_monsterinsights_sitenote_category":0,"_joinchat":[],"footnotes":""},"categories":[5011,67],"tags":[43645,18360,163440,163442,97],"_links":{"self":[{"href":"https:\/\/blog.cancaonova.com\/vocacional\/wp-json\/wp\/v2\/posts\/9757"}],"collection":[{"href":"https:\/\/blog.cancaonova.com\/vocacional\/wp-json\/wp\/v2\/posts"}],"about":[{"href":"https:\/\/blog.cancaonova.com\/vocacional\/wp-json\/wp\/v2\/types\/post"}],"author":[{"embeddable":true,"href":"https:\/\/blog.cancaonova.com\/vocacional\/wp-json\/wp\/v2\/users\/4612"}],"replies":[{"embeddable":true,"href":"https:\/\/blog.cancaonova.com\/vocacional\/wp-json\/wp\/v2\/comments?post=9757"}],"version-history":[{"count":10,"href":"https:\/\/blog.cancaonova.com\/vocacional\/wp-json\/wp\/v2\/posts\/9757\/revisions"}],"predecessor-version":[{"id":9788,"href":"https:\/\/blog.cancaonova.com\/vocacional\/wp-json\/wp\/v2\/posts\/9757\/revisions\/9788"}],"wp:featuredmedia":[{"embeddable":true,"href":"https:\/\/blog.cancaonova.com\/vocacional\/wp-json\/wp\/v2\/media\/9761"}],"wp:attachment":[{"href":"https:\/\/blog.cancaonova.com\/vocacional\/wp-json\/wp\/v2\/media?parent=9757"}],"wp:term":[{"taxonomy":"category","embeddable":true,"href":"https:\/\/blog.cancaonova.com\/vocacional\/wp-json\/wp\/v2\/categories?post=9757"},{"taxonomy":"post_tag","embeddable":true,"href":"https:\/\/blog.cancaonova.com\/vocacional\/wp-json\/wp\/v2\/tags?post=9757"}],"curies":[{"name":"wp","href":"https:\/\/api.w.org\/{rel}","templated":true}]}}