{"id":9901,"date":"2020-07-09T07:00:38","date_gmt":"2020-07-09T10:00:38","guid":{"rendered":"http:\/\/blog.cancaonova.com\/vocacional\/?p=9901"},"modified":"2021-07-12T13:43:24","modified_gmt":"2021-07-12T16:43:24","slug":"viver-vocacao-no-dia-dia","status":"publish","type":"post","link":"https:\/\/blog.cancaonova.com\/vocacional\/viver-vocacao-no-dia-dia\/","title":{"rendered":"Viver a voca\u00e7\u00e3o no dia a dia"},"content":{"rendered":"<h2><span style=\"font-weight: 400\">Aprendi a viver a minha voca\u00e7\u00e3o a cada dia. Foi um aprendizado muito concreto. Aprendi vivendo.&nbsp;<\/span><\/h2>\n<p><span style=\"font-weight: 400\">J\u00e1 estava no meu 11\u00ba ano de semin\u00e1rio e deveria fazer os votos para sempre; no final da teologia seria ordenado padre. Diante de t\u00e3o grande responsabilidade, nasceu uma grande interroga\u00e7\u00e3o em minha cabe\u00e7a: \u201cSer\u00e1 que eu conseguirei ser um bom padre?\u201d Olhando para as minhas limita\u00e7\u00f5es, sabia que n\u00e3o seria capaz. Esse sentimento foi me apavorando de tal forma, que no meu cora\u00e7\u00e3o n\u00e3o havia mais paz. J\u00e1 n\u00e3o dormia nem comia direito. Eu n\u00e3o poderia exercer a minha voca\u00e7\u00e3o de qualquer maneira.&nbsp;<\/span><\/p>\n<p><span style=\"font-weight: 400\">Ent\u00e3o resolvi conversar com o meu diretor. Ele me escutou at\u00e9 o fim e, sorrindo, disse: <\/span><i><span style=\"font-weight: 400\">\u201cJonas, voc\u00ea ser\u00e1 no futuro o padre&nbsp; que voc\u00ea precisa ser hoje. A \u00fanica maneira de garantir a qualidade da sua voca\u00e7\u00e3o \u00e9 vivendo o hoje da melhor forma poss\u00edvel\u201d<\/span><\/i><span style=\"font-weight: 400\">.&nbsp; No mesmo instante, compreendi tudo. A partir desse dia, comecei a viver a minha voca\u00e7\u00e3o dia a dia. Temos de viver a vontade de Deus no \u201cagora\u201d da nossa vida. <\/span><i><span style=\"font-weight: 400\">O passado j\u00e1 \u00e9 passado. O futuro n\u00e3o existe ainda. S\u00f3 temos o momento presente<\/span><\/i><span style=\"font-weight: 400\">.&nbsp;<\/span><\/p>\n<h2><span style=\"font-weight: 400\">O que devo ser amanh\u00e3 preciso ser hoje<\/span><\/h2>\n<p><span style=\"font-weight: 400\">O padre que serei no dia de amanh\u00e3 eu o realizo no dia de hoje. Voc\u00ea ser\u00e1 a pessoa casada, pai ou m\u00e3e de fam\u00edlia, vivendo o hoje de cada dia. Deus nos deu a grande gra\u00e7a de&nbsp; poder dividir a nossa vida em dias. \u201cPortanto, n\u00e3o vos preocupeis com o dia de amanh\u00e3, pois o dia de amanh\u00e3 ter\u00e1 sua pr\u00f3pria preocupa\u00e7\u00e3o! A cada dia basta o seu mal\u201d (Mt 6,34).<\/span><\/p>\n<p><span style=\"font-weight: 400\">Se meus pais n\u00e3o tivessem vivido a sua voca\u00e7\u00e3o ao matrim\u00f4nio, eu n\u00e3o seria padre. A voca\u00e7\u00e3o do matrim\u00f4nio tamb\u00e9m deve ser vivida dia a dia. Cada dia \u00e9 um dia de fidelidade.Os solteiros, que s\u00e3o chamados ao matrim\u00f4nio, ser\u00e3o pais e m\u00e3es no futuro, por\u00e9m \u00e9 preciso que a voca\u00e7\u00e3o seja constru\u00edda no dia de hoje. Seremos amanh\u00e3 tudo aquilo, e somente aquilo, que vivermos hoje.&nbsp;<\/span><\/p>\n<p><span style=\"font-weight: 400\">Tamb\u00e9m para aqueles que j\u00e1 s\u00e3o pai e m\u00e3e, ser\u00e1 no dia a dia que a voca\u00e7\u00e3o acontecer\u00e1. Muitos pais e m\u00e3es se consomem mais do que um padre ou uma pessoa consagrada. Muitas vezes, nosso cora\u00e7\u00e3o fica apertado, as l\u00e1grimas rolam de nossos olhos e vamos dormir com um peso no cora\u00e7\u00e3o, mas, se vivemos a nossa voca\u00e7\u00e3o naquele dia, podemos dizer: \u201cHoje eu sou feliz assim, tenho a ti, meu Deus\u201d.<\/span><\/p>\n<div id=\"attachment_9903\" style=\"width: 1610px\" class=\"wp-caption aligncenter\"><img loading=\"lazy\" decoding=\"async\" aria-describedby=\"caption-attachment-9903\" class=\"wp-image-9903 size-full\" title=\"foto: cancaonova.com\" src=\"http:\/\/blog.cancaonova.com\/vocacional\/files\/2020\/07\/Viver-a-voca\u00e7\u00e3o-no-dia-a-dia.jpg\" alt=\"\" width=\"1600\" height=\"1200\" srcset=\"https:\/\/blog.cancaonova.com\/vocacional\/files\/2020\/07\/Viver-a-voca\u00e7\u00e3o-no-dia-a-dia.jpg 1600w, https:\/\/blog.cancaonova.com\/vocacional\/files\/2020\/07\/Viver-a-voca\u00e7\u00e3o-no-dia-a-dia-300x225.jpg 300w, https:\/\/blog.cancaonova.com\/vocacional\/files\/2020\/07\/Viver-a-voca\u00e7\u00e3o-no-dia-a-dia-768x576.jpg 768w\" sizes=\"(max-width: 1600px) 100vw, 1600px\" \/><p id=\"caption-attachment-9903\" class=\"wp-caption-text\">foto: cancaonova.com<\/p><\/div>\n<h2><span style=\"font-weight: 400\">Nossa grande alegria \u00e9 poder recome\u00e7ar<\/span><\/h2>\n<p><span style=\"font-weight: 400\">Sempre teremos problemas, dificuldades, tenta\u00e7\u00f5es. Nossa grande alegria \u00e9 poder recome\u00e7ar, porque fazemos a nossa vida dia a dia. Se hoje n\u00e3o conseguimos, recome\u00e7amos no dia seguinte.&nbsp;<\/span><\/p>\n<p><span style=\"font-weight: 400\">Tenho visto cabeleireiras e manicures que trabalham e, ao mesmo tempo, evangelizam. O sal\u00e3o n\u00e3o precisa ser um lugar de fofoca e de futilidades, ele pode ser um maravilhoso local de evangeliza\u00e7\u00e3o. Os barbeiros, taxistas, m\u00e9dicos, enfermeiros t\u00eam grandes possibilidades de evangelizar, assim como telefonistas, atendentes, balconistas, enfim, toda profiss\u00e3o pode ser evangelizadora. <\/span><\/p>\n<p><span style=\"font-weight: 400\">Podemos evangelizar entre aqueles que trabalham conosco e entre aqueles para quem trabalhamos. Os professores e os profissionais da \u00e1rea da educa\u00e7\u00e3o, e os que trabalham na \u00e1rea da sa\u00fade, m\u00e9dicos, psic\u00f3logos, psiquiatras, dentistas, enfermeiros, auxiliares de enfermagem, todos t\u00eam grande influ\u00eancia e por isso grandes possibilidades de evangelizar.<\/span><\/p>\n<h2><span style=\"font-weight: 400\">Toda profiss\u00e3o se torna evangelizadora<\/span><\/h2>\n<p><span style=\"font-weight: 400\">Os trabalhadores s\u00e3o evangelizadores na hora do almo\u00e7o, do descanso, enfrentando situa\u00e7\u00f5es dif\u00edceis&#8230; N\u00e3o precisamos mudar de profiss\u00e3o, mas colocar nossa profiss\u00e3o&nbsp; a servi\u00e7o da nova evangeliza\u00e7\u00e3o. O Senhor nos mostra que toda profiss\u00e3o se torna evangelizadora quando a colocamos a servi\u00e7o do apostolado.&nbsp;<\/span><\/p>\n<p><span style=\"font-weight: 400\">N\u00e3o precisamos pregar a todo instante. Podemos falar de Deus, da sua Palavra, testemunhando e enfrentando juntos os problemas, a partir da luz do Evangelho; resolvendo as quest\u00f5es dentro dos padr\u00f5es crist\u00e3os e mostrando o porqu\u00ea.<\/span><\/p>\n<p><span style=\"font-weight: 400\">Voc\u00ea ir\u00e1 cativar as pessoas e ajud\u00e1-las, convidando-as para encontros, palestras, grupos de ora\u00e7\u00e3o, tudo atrav\u00e9s do seu pr\u00f3prio testemunho. N\u00e3o duvide! Temos grandes possibilidades.<\/span><\/p>\n<p><span style=\"font-weight: 400\">N\u00e3o mude de profiss\u00e3o! Pense nas suas possibilidades. Meu pai era pedreiro, mas tamb\u00e9m um ap\u00f3stolo. Um homem santo. Posso afirmar isso, porque conheci de perto sua vida, suas durezas e lutas. Meu pai passou pela pobreza com honestidade. Santidade \u00e9 isso.&nbsp;<\/span><\/p>\n<h2><span style=\"font-weight: 400\">\u201cTem alguma arma a\u00ed?\u201d<\/span><\/h2>\n<p><span style=\"font-weight: 400\">Minha espiritualidade tamb\u00e9m \u00e9 fruto da santidade do meu pai, que andava constantemente com o ter\u00e7o no bolso ou nas m\u00e3os. Formavam uma dupla maravilhosa: os dedos do meu pai calejados, com cimento e cal, e o ter\u00e7o. O ter\u00e7o do meu pai era \u00e1spero, porque suas m\u00e3os e seus dedos tamb\u00e9m eram. Essa bonita aspereza foi o que me formou.<\/span><\/p>\n<p><span style=\"font-weight: 400\">Meu pai trabalhou em Bras\u00edlia nos tempos duros da constru\u00e7\u00e3o da nossa capital. Levantava \u00e0s quatro horas da manh\u00e3 para ir ao canteiro de obras, trabalhava das seis da manh\u00e3 \u00e0s dez da noite e voltava de caminh\u00e3o para o alojamento. No dia seguinte, voltava a acordar no mesmo hor\u00e1rio.&nbsp;<\/span><\/p>\n<p><span style=\"font-weight: 400\">Certa vez, num bar pr\u00f3ximo ao alojamento, meu pai tomava seu caf\u00e9, ainda de madrugada, quando aconteceu uma batida da pol\u00edcia. Os policiais revistaram todas as pessoas e, antes&nbsp; de revistarem os bolsos do meu pai, perguntaram-lhe:<\/span><\/p>\n<p><span style=\"font-weight: 400\">\u201cTem alguma arma a\u00ed?\u201d Meu pai respondeu: \u201cTenho\u201d. Ent\u00e3o o soldado revistou seu bolso e tirou o que havia dentro: um len\u00e7o e um ter\u00e7o. O guarda ficou olhando, sem gra\u00e7a, mas meu pai aproveitou para evangelizar e disse: \u201cEssa \u00e9 a minha arma, seu guarda\u201d. Meu pai n\u00e3o era pregador. Eu sou. Mas para eu me tornar pregador, precisei de um \u201cpregador\u201d como ele. S\u00f3 assim Deus p\u00f4de fazer em mim sua obra.<\/span><\/p>\n<p><strong>Leia tamb\u00e9m:<\/strong><\/p>\n<p>::&nbsp;<a href=\"https:\/\/blog.cancaonova.com\/vocacional\/somos-escolhidos\/\">Somos Escolhidos<\/a><\/p>\n<p>:: <a href=\"https:\/\/blog.cancaonova.com\/vocacional\/como-saber-se-e-deus-quem-chama\/\">Como saber se \u00e9 Deus quem me chama?<\/a><\/p>\n<h2><span style=\"font-weight: 400\">Preparamos o caminho do Senhor<\/span><\/h2>\n<p><span style=\"font-weight: 400\">Para nos formar oper\u00e1rios de Deus em nossa profiss\u00e3o, pescando homens em outros mares, o Senhor tem uma f\u00f3rmula, um m\u00e9todo: a gra\u00e7a do batismo no Esp\u00edrito Santo. Jesus tamb\u00e9m trabalhou, evangelizou e curou. Mas s\u00f3 depois de ter retornado ao Pai \u00e9 que Ele enviou aos ap\u00f3stolos, reunidos no cen\u00e1culo, o seu Esp\u00edrito Santo. J\u00e1 trabalhamos muito para Deus. Como Jo\u00e3o Batista, preparamos o caminho do Senhor. Agora somos convidados a experimentar essa gra\u00e7a: o derramamento do Esp\u00edrito Santo.&nbsp;<\/span><\/p>\n<p><span style=\"font-weight: 400\">Esta \u00e9 a gra\u00e7a tamb\u00e9m para os oper\u00e1rios cansados, desanimados, que voltaram atr\u00e1s! Com o derramamento do Esp\u00edrito Santo, conseguimos superar o peso do nosso dia a dia, o cansa\u00e7o da miss\u00e3o, as m\u00e1goas, os ressentimentos, as decep\u00e7\u00f5es\u2026&nbsp;<\/span><\/p>\n<p><span style=\"font-weight: 400\">Embora n\u00e3o esteja disposto a voltar e o seu cora\u00e7\u00e3o esteja frio, duro, calejado, abra-se e receba a gra\u00e7a que eu recebi, o que fez mudar o rumo da minha vida: a gra\u00e7a do derramamento do Dom Terra, te\u00f3logo e biblista que conheceu profundamente a Renova\u00e7\u00e3o Carism\u00e1tica, nos fala sobre o \u201cbatismo do Esp\u00edrito Santo\u201d e explica que n\u00e3o se trata de outro batismo, pois n\u00e3o est\u00e1 na dimens\u00e3o dos sacramentos, e sim na dimens\u00e3o da gra\u00e7a. N\u00e3o se trata de outro batismo, e nem mesmo de uma simples renova\u00e7\u00e3o do batismo recebido. O que recebemos \u00e9 uma gra\u00e7a especial, uma efus\u00e3o nova do Esp\u00edrito Santo para impulsionar-nos ao apostolado.&nbsp;<\/span><\/p>\n<h2><span style=\"font-weight: 400\">&nbsp;Deixe-se \u201cbatizar\u201d profundamente no Esp\u00edrito Santo<\/span><\/h2>\n<p><span style=\"font-weight: 400\">O que este derramamento do Esp\u00edrito Santo nos concede \u00e9 um novo ardor, uma ousadia que descobrimos, uma coragem que at\u00e9 ent\u00e3o n\u00e3o t\u00ednhamos, de lan\u00e7ar-nos no trabalho de Deus: na evangeliza\u00e7\u00e3o. Torna-se imposs\u00edvel calar-nos e deixar de testemunhar com entusiasmo aquilo que ouvimos; aquilo que o Senhor fez em nossas vidas; aquilo que n\u00f3s&nbsp; mesmos experimentamos e n\u00e3o podemos deixar de anunciar.&nbsp;<\/span><\/p>\n<p><span style=\"font-weight: 400\">Essa \u00e9 a provid\u00eancia de Deus para os nossos tempos, a esperan\u00e7a da salva\u00e7\u00e3o da nossa sociedade neste novo mil\u00eanio.&nbsp; Devemos nos abrir \u00e0 salva\u00e7\u00e3o, \u00e0 a\u00e7\u00e3o de Deus e do seu Esp\u00edrito Santo. O Senhor est\u00e1 fazendo \u201cchover\u201d, basta sairmos na chuva para nos molhar\u2026 Estamos vivendo um momento \u00fanico de gra\u00e7a. As pessoas que j\u00e1 trabalharam para o Senhor de uma forma especial, os que j\u00e1 foram seus disc\u00edpulos e est\u00e3o dispostos a investir em sua profiss\u00e3o, precisam ser restaurados agora pelo batismo no Esp\u00edrito Santo.&nbsp;<\/span><\/p>\n<p><span style=\"font-weight: 400\">Infelizmente, contudo, uma coura\u00e7a est\u00e1 se formando ao redor das pessoas, impedindo-as de se abrir a esta gra\u00e7a. \u00c9 preciso deixar-se banhar, este \u00e9 o sentido que Jesus deu ao verbo \u201cbatizar\u201d. Deixe-se \u201cbatizar\u201d profundamente no Esp\u00edrito Santo, para ser um ap\u00f3stolo de Jesus. Para ser oper\u00e1rio nesta \u00faltima hora. Os tempos se abreviaram, estamos no \u201cfinal dos tempos\u201d. O Senhor intervir\u00e1 na face da terra e n\u00e3o ir\u00e1 demorar.<\/span><\/p>\n<h2><span style=\"font-weight: 400\">O Esposo que j\u00e1 est\u00e1 chegando.&nbsp;<\/span><\/h2>\n<p><span style=\"font-weight: 400\">O nosso mundo est\u00e1 sendo arrasado pelo mal e n\u00e3o podemos nos alienar desta realidade. Precisamos retomar nossa luta at\u00e9 o fim, sabendo que o Senhor vir\u00e1 e transformar\u00e1 tudo. Nossa parte \u00e9 lutar. Trabalhar como aqueles homens que encheram as talhas de \u00e1gua. At\u00e9 o fim, teremos que encher as talhas, sabendo que quem vir\u00e1 transformar a \u00e1gua deste mundo em vinho novo \u00e9 Jesus, o Esposo que j\u00e1 est\u00e1 chegando.&nbsp;<\/span><\/p>\n<p><span style=\"font-weight: 400\">Quando o Senhor vier, transformar\u00e1 esse mundo velho num mundo novo. Ele nos trar\u00e1 a Terra Nova. Da \u00e1gua, teremos vinho. Somos convidados a participar desta hora de gra\u00e7a. Deixe-se batizar no Esp\u00edrito Santo, porque voc\u00ea \u00e9 \u201coper\u00e1rio da \u00faltima hora\u201d. Especialmente aqueles que j\u00e1 foram oper\u00e1rios do Senhor, saiba que Ele os est\u00e1 convocando novamente. Ele quer batiz\u00e1-los no Esp\u00edrito Santo e conferir-lhes os dons, renovando-os. O Senhor quer despert\u00e1-los e traz\u00ea-los novamente para a ativa. Como os disc\u00edpulos de Ema\u00fas, confusos e&nbsp; abatidos depois de presenciarem tudo o que havia acontecido com Jesus, Ele quer que seus olhos e seu cora\u00e7\u00e3o se abram e o reconhe\u00e7am \u201cno partir do p\u00e3o\u201d.&nbsp;<\/span><\/p>\n<p><strong>Reze agora:<\/strong><\/p>\n<p><i><span style=\"font-weight: 400\">Sou oper\u00e1rio da \u00faltima hora. J\u00e1 havia sido teu oper\u00e1rio, Senhor. Agora est\u00e1s me chamando de volta. Volto como oper\u00e1rio deste novo tempo para esta nova evangeliza\u00e7\u00e3o. Estou&nbsp; voltando para pescar em outro mar. Batiza-me, Jesus, no Esp\u00edrito Santo. Mesmo n\u00e3o compreendendo tudo o que est\u00e1s fazendo, quero ser uma pessoa cheia do Esp\u00edrito Santo, como Pedro, Jo\u00e3o, Tiago e Andr\u00e9. Batiza-me, Senhor! Quero voltar a ser pescador de homens.<\/span><\/i><\/p>\n<p>Texto do Livro: <a href=\"https:\/\/loja.cancaonova.com\/livro-vocac-o-um-desafio-de-amor-reedic-o\">Voca\u00e7\u00e3o: um desafio de amor &#8211; Monsenhor Jonas Abib<\/a><\/p>\n<p><img loading=\"lazy\" decoding=\"async\" class=\"aligncenter  wp-image-9853\" src=\"http:\/\/blog.cancaonova.com\/vocacional\/files\/2020\/05\/Assinatura-Mons.-Jonas-Abib.jpg\" alt=\"\" width=\"948\" height=\"334\" srcset=\"https:\/\/blog.cancaonova.com\/vocacional\/files\/2020\/05\/Assinatura-Mons.-Jonas-Abib.jpg 3000w, https:\/\/blog.cancaonova.com\/vocacional\/files\/2020\/05\/Assinatura-Mons.-Jonas-Abib-300x106.jpg 300w, https:\/\/blog.cancaonova.com\/vocacional\/files\/2020\/05\/Assinatura-Mons.-Jonas-Abib-768x270.jpg 768w\" sizes=\"(max-width: 948px) 100vw, 948px\" \/><\/p>\n","protected":false},"excerpt":{"rendered":"<p>Aprendi a viver a minha voca\u00e7\u00e3o a cada dia. Foi um aprendizado muito concreto. Aprendi vivendo.\u00a0<br \/>\n <a href=\"https:\/\/blog.cancaonova.com\/vocacional\/viver-vocacao-no-dia-dia\/\">Continue lendo <span class=\"meta-nav\">&rarr;<\/span><\/a><\/p>\n","protected":false},"author":4612,"featured_media":9903,"comment_status":"open","ping_status":"open","sticky":false,"template":"","format":"standard","meta":{"_mi_skip_tracking":false,"_monsterinsights_sitenote_active":false,"_monsterinsights_sitenote_note":"","_monsterinsights_sitenote_category":0,"_joinchat":[],"footnotes":""},"categories":[5011,18416,16317,141],"tags":[43645,18360,18416,16739,163441],"_links":{"self":[{"href":"https:\/\/blog.cancaonova.com\/vocacional\/wp-json\/wp\/v2\/posts\/9901"}],"collection":[{"href":"https:\/\/blog.cancaonova.com\/vocacional\/wp-json\/wp\/v2\/posts"}],"about":[{"href":"https:\/\/blog.cancaonova.com\/vocacional\/wp-json\/wp\/v2\/types\/post"}],"author":[{"embeddable":true,"href":"https:\/\/blog.cancaonova.com\/vocacional\/wp-json\/wp\/v2\/users\/4612"}],"replies":[{"embeddable":true,"href":"https:\/\/blog.cancaonova.com\/vocacional\/wp-json\/wp\/v2\/comments?post=9901"}],"version-history":[{"count":4,"href":"https:\/\/blog.cancaonova.com\/vocacional\/wp-json\/wp\/v2\/posts\/9901\/revisions"}],"predecessor-version":[{"id":9906,"href":"https:\/\/blog.cancaonova.com\/vocacional\/wp-json\/wp\/v2\/posts\/9901\/revisions\/9906"}],"wp:featuredmedia":[{"embeddable":true,"href":"https:\/\/blog.cancaonova.com\/vocacional\/wp-json\/wp\/v2\/media\/9903"}],"wp:attachment":[{"href":"https:\/\/blog.cancaonova.com\/vocacional\/wp-json\/wp\/v2\/media?parent=9901"}],"wp:term":[{"taxonomy":"category","embeddable":true,"href":"https:\/\/blog.cancaonova.com\/vocacional\/wp-json\/wp\/v2\/categories?post=9901"},{"taxonomy":"post_tag","embeddable":true,"href":"https:\/\/blog.cancaonova.com\/vocacional\/wp-json\/wp\/v2\/tags?post=9901"}],"curies":[{"name":"wp","href":"https:\/\/api.w.org\/{rel}","templated":true}]}}