{"id":68,"date":"2021-08-30T16:12:26","date_gmt":"2021-08-30T19:12:26","guid":{"rendered":"http:\/\/blog.cancaonova.com\/walkbyfaith\/?p=68"},"modified":"2023-02-27T16:02:47","modified_gmt":"2023-02-27T19:02:47","slug":"providencia-de-deus-no-livro-de-ester","status":"publish","type":"post","link":"https:\/\/blog.cancaonova.com\/walkbyfaith\/2021\/08\/30\/providencia-de-deus-no-livro-de-ester\/","title":{"rendered":"A provid\u00eancia de Deus na vida da Rainha Ester"},"content":{"rendered":"<p><img loading=\"lazy\" decoding=\"async\" class=\"aligncenter wp-image-73 size-full\" src=\"http:\/\/blog.cancaonova.com\/walkbyfaith\/files\/2021\/08\/Ester-11.jpg\" alt=\"\" width=\"1400\" height=\"787\" srcset=\"https:\/\/blog.cancaonova.com\/walkbyfaith\/files\/2021\/08\/Ester-11.jpg 1400w, https:\/\/blog.cancaonova.com\/walkbyfaith\/files\/2021\/08\/Ester-11-300x169.jpg 300w, https:\/\/blog.cancaonova.com\/walkbyfaith\/files\/2021\/08\/Ester-11-768x432.jpg 768w, https:\/\/blog.cancaonova.com\/walkbyfaith\/files\/2021\/08\/Ester-11-384x216.jpg 384w, https:\/\/blog.cancaonova.com\/walkbyfaith\/files\/2021\/08\/Ester-11-512x288.jpg 512w, https:\/\/blog.cancaonova.com\/walkbyfaith\/files\/2021\/08\/Ester-11-1024x576.jpg 1024w\" sizes=\"(max-width: 1400px) 100vw, 1400px\" \/><\/p>\n<p><span style=\"font-weight: 400\">O <\/span><i><span style=\"font-weight: 400\">Livro de Ester <\/span><\/i><span style=\"font-weight: 400\">\u00e9 um dos mais belos relatos da <\/span><i><span style=\"font-weight: 400\">B\u00edblia<\/span><\/i><span style=\"font-weight: 400\">, onde o cen\u00e1rio nos coloca fora da Palestina, mais precisamente em Sus\u00e3 (situada a 320 quil\u00f4metros a leste de Babil\u00f4nia, Sus\u00e3 era capital da antiga El\u00e3o, Susiana), capital dos Aquem\u00eanidas, local onde reina Assuero, nome hebraico de Xerxes rei dos medos e dos persas (486-465 a.C.). N\u00e3o se sabe ao certo quem escreveu o <\/span><i><span style=\"font-weight: 400\">Livro de Ester<\/span><\/i><span style=\"font-weight: 400\">, algumas provas intr\u00ednsecas possibilitam fazer algumas infer\u00eancias a respeito do autor e a data da composi\u00e7\u00e3o. Diante dos escritos, fica claro que o autor era judeu, tanto pelo realce que confere \u00e0 origem de uma festa judaica, quanto pelo nacionalismo judaico que permeia a hist\u00f3ria. <\/span><\/p>\n<p><span style=\"font-weight: 400\">O conhecimento que o autor tem dos costumes persas, os antecedentes hist\u00f3ricos da cidade de Sus\u00e3, a aus\u00eancia de refer\u00eancia \u00e0 terra de Jud\u00e1, ou a Jerusal\u00e9m, fazem crer que ele residia na cidade persa. A data mais recuada poss\u00edvel para o livro seria 460 a.C.. O interessante \u00e9 que o autor do <\/span><i><span style=\"font-weight: 400\">Livro de Ester <\/span><\/i><span style=\"font-weight: 400\">faz h\u00e1bil uso de tens\u00f5es narrativas criadas pelas invers\u00f5es ou pelos fortes contrastes de destino e de expectativa, gerando a constante presen\u00e7a das perip\u00e9cias.\u00a0<\/span><\/p>\n<blockquote><p>Grelot (1975) relata que certamente o <i>Livro de Ester <\/i>\u00e9 romanceado, apesar de seu contexto hist\u00f3rico. Suas finalidades seriam mostrar a liberta\u00e7\u00e3o providencial de Israel e justificar a ado\u00e7\u00e3o pelos judeus da festa de Purim (ou das Sortes), fixada aos 14 de Adar.<\/p><\/blockquote>\n<p><span style=\"font-weight: 400\">Diante de algumas leituras e pesquisas, podemos afirmar que, a Divina Provid\u00eancia, ou simplesmente Provid\u00eancia, \u00e9 um termo teol\u00f3gico que se refere ao poder supremo,\u00a0 ou interven\u00e7\u00e3o de Deus sobre eventos na vida de pessoas por toda a hist\u00f3ria, ou seja, \u00e9 a influ\u00eancia de Deus na vida do seu povo, onde Ele mesmo, decide o que ir\u00e1 acontecer no futuro, sendo assim, nada acontece sem que Deus permita.\u00a0<\/span><\/p>\n<p><span style=\"font-weight: 400\">Ao falarmos a respeito da Divina Provid\u00eancia, \u00e9 importante conhecermos a distin\u00e7\u00e3o que S\u00e3o Tom\u00e1s de Aquino faz a respeito:\u00a0<\/span><\/p>\n<blockquote><p><span style=\"font-weight: 400\">\u201cDuas coisas cabem \u00e0 provid\u00eancia: a raz\u00e3o da ordem dos seres a quem ela prov\u00ea, a um fim; e a execu\u00e7\u00e3o dessa ordem, a que se chama governo. \u2014 Quanto \u00e0 primeira, Deus, que tem no seu intelecto a raz\u00e3o de todos os seres, mesmo dos m\u00ednimos, a todos prov\u00ea imediatamente. E pr\u00e9-estabelecendo certas causas a certos efeitos, deu-lhes a virtude de os produzir. Logo, \u00e9 necess\u00e1rio nele preexista a raz\u00e3o da ordem desses efeitos. \u2014 Quanto \u00e0 segunda, a provid\u00eancia, que governa os inferiores pelos superiores, emprega certos seres m\u00e9dios; n\u00e3o por defeito do seu poder, mas pela abund\u00e2ncia da sua bondade, que comunica a dignidade de causa, mesmo \u00e0s criaturas.\u201d (Suma Teol\u00f3gica, I, q. 22, a. 3)<\/span><\/p><\/blockquote>\n<p><span style=\"font-weight: 400\">O Catecismo da igreja cat\u00f3lica no par\u00e1grafo 314, diz:<\/span><\/p>\n<blockquote><p><span style=\"font-weight: 400\">N\u00f3s cremos firmemente que Deus \u00e9 o Senhor do mundo e da hist\u00f3ria. Muitas vezes, por\u00e9m, os caminhos da sua Provid\u00eancia s\u00e3o-nos desconhecidos. S\u00f3 no fim, quando acabar o nosso conhecimento parcial e virmos Deus \u00abface a face\u00bb (1 Cor 13, 12), \u00e9 que nos ser\u00e3o plenamente conhecidos os caminhos pelos quais, mesmo atrav\u00e9s do mal e do pecado, Deus ter\u00e1 conduzido a cria\u00e7\u00e3o ao repouso desse S\u00e1bado (158) definitivo, em vista do qual criou o c\u00e9u e a terra. (Catecismo da Igreja Cat\u00f3lica, 314)<\/span><\/p><\/blockquote>\n<p><span style=\"font-weight: 400\">Ainda no catecismo a respeito da divina Provid\u00eancia, no par\u00e1grafo 321, relata que a mesma, consiste nas disposi\u00e7\u00f5es pelas quais Deus conduz, com sabedoria e amor, todas as criaturas, para o seu \u00faltimo fim.<\/span><\/p>\n<p><span style=\"font-weight: 400\">Em minha adolesc\u00eancia ganhei um livro de Romilda Mendes Cerqueira, membro consagrada da Comunidade Can\u00e7\u00e3o Nova. Peguei o livro e no mesmo dia comecei a realizar a leitura deste livro, cujo t\u00edtulo \u00e9; \u201cConsiderai como crescem os L\u00edrios! A Provid\u00eancia Divina de Padre Jonas Abib\u201d. <\/span><\/p>\n<p><span style=\"font-weight: 400\">Este livro me ensinou a confrontar o sistema mundano e o sistema de Deus, que forma o ser humano para buscar em primeiro lugar o Reino de Deus e a sua justi\u00e7a na certeza, que tudo o mais ser\u00e1 acrescentado na vida daqueles que colocam Deus em primeiro lugar, pois Deus cuida do seu povo, foi assim no antigo testamento e continua a ser assim no tempo presente. <\/span><\/p>\n<p><span style=\"font-weight: 400\">A \u00fanica coisa que precisamos fazer para saborearmos esta Divina provid\u00eancia \u00e9 confiarmos em Deus e n\u00e3o nas riquezas e ideologias deste mundo, pois tudo passar\u00e1 e apenas o essencial que muitas vezes \u00e9 invis\u00edvel aos olhos humanos, permanecer\u00e1. Com isto n\u00e3o estou dizendo que voc\u00ea n\u00e3o precisar\u00e1 trabalhar e ter o teu sustento, mas estou dizendo que n\u00e3o seja o teu sustento, o teu trabalho a ocuparem o lugar do SENHOR em tua vida.\u00a0<\/span><\/p>\n<p><span style=\"font-weight: 400\">A palavra chave do livro de Ester \u00e9 a Provid\u00eancia, pois os cap\u00edtulos deste livro, t\u00eam muito a nos ensinar, a respeito da confian\u00e7a e fidelidade a Deus, que cuida e interv\u00e9m em favor de seu povo.\u00a0 <\/span> <span style=\"font-weight: 400\">Ester uma simples jovem judia, se tornou rainha, pela provid\u00eancia divina, para salvar o seu povo, do decreto real. Este livro nos mostra que nada \u00e9 coincid\u00eancia, mas sim provid\u00eancia. A hist\u00f3ria de Ester \u00e9 um misto de trag\u00e9dia, romance, a\u00e7\u00e3o, drama e f\u00e9, talvez seja por isso, que esta obra \u00e9 t\u00e3o apreciada por diversas gera\u00e7\u00f5es e culturas, o mais interessante \u00e9 que segundo a tradi\u00e7\u00e3o juda\u00edca, segundo os detalhes e comprova\u00e7\u00f5es hist\u00f3ricas, esta obra, certamente tem um fundamento hist\u00f3rico e real, que marcou e ainda marca, o povo judeu.\u00a0<\/span><\/p>\n<p><span style=\"font-weight: 400\">A provid\u00eancia de Deus se entrela\u00e7a no livro de Ester da seguinte forma; o rei Assuero ou Xerxes, planejou uma invas\u00e3o a Gr\u00e9cia. Para comemorar o seu projeto de invas\u00e3o a Gr\u00e9cia, o rei d\u00e1 uma festa de sete dias, de magnitude \u00edmpar, para celebrar seus planos e sua magnitude. No \u00faltimo dia da festa, onde os convidados e o pr\u00f3prio j\u00e1 encontrara embriagado, ele decide chamar sua esposa, cujo nome era Vasti, para mostrar a todos a sua formosura, sendo a mesma considerada o bem mais precioso do reino. <\/span><\/p>\n<p><span style=\"font-weight: 400\">Ela, por\u00e9m se recusa a ir, e por influ\u00eancia dos ministros reais, a ira de Assuero se ascende, e ele decide depor sua esposa do status de rainha. Diante desta realidade, assim que a rainha Vasti foi destitu\u00edda, pois os ministros e a sociedade daquela \u00e9poca, daquela cultura local, acreditavam que a atitude dela era imperdo\u00e1vel, e seguindo o seu exemplo, as outras mulheres\u00a0 daquele reinado, desobedeceriam os seus maridos e seria uma vergonha para aquela sociedade, porque segundo a esta cultura, cada homem deve ser o senhor na sua casa. <\/span><\/p>\n<p><span style=\"font-weight: 400\">Foram ent\u00e3o postos os mandatos reais, em todas as prov\u00edncias, convocando as mo\u00e7as do reino para que o rei escolhesse a substituta de Vasti. Sucedeu, pois, que, divulgando-se o mandado do rei e a sua lei, os guardas reais, ajuntaram muitas mo\u00e7as na fortaleza de Sus\u00e3, ou seja o har\u00e9m real, debaixo da m\u00e3o de Hegai, guarda das mulheres.\u00a0 Ester, foi raptada e levada, juntamente com v\u00e1rias mo\u00e7as \u201cjovens virgens\u201d, ao Pal\u00e1cio real, especificamente para o har\u00e9m real, com o objetivo de dedicar sua vida inteiramente a servir, divertir e agradar ao rei. Essas jovens, s\u00f3 podiam ir at\u00e9 a presen\u00e7a do rei quando fossem chamadas por nome, e se ele n\u00e3o se agradasse com elas, ele poderia esquec\u00ea-las e faze-lhes suas prisioneiras dentro do har\u00e9m. <\/span><\/p>\n<p><span style=\"font-weight: 400\">\u00c9 importante ressaltar\u00a0 que antes das mo\u00e7as serem apresentadas ao rei, para terem sua primeira noite com o rei, elas recebiam durante um ano um tratamento de purifica\u00e7\u00e3o (beleza), nos primeiros seis meses, elas recebiam um tratamento de mirra, que \u00e9 uma planta medicinal cujo azeite era usado, na antiguidade, para ungir os cad\u00e1veres antes do sepultamento, sendo assim, a mirra tipifica a morte. Nos outros seis meses, elas eram tratadas com especiarias, perfumes e unguentos. Entre as especiarias mais conhecidas, estavam o alo\u00e9s e a c\u00e1ssia. O alo\u00e9s possui um sumo amargo e laxante. J\u00e1 a c\u00e1ssia \u00e9 uma flor bela e arom\u00e1tica, cujo fruto se d\u00e1 em vagem. Ambos possuem propriedades medicinais. Alo\u00e9s e C\u00e1ssia representam a ressurrei\u00e7\u00e3o. Esta purifica\u00e7\u00e3o que Ester recebeu, representa a igreja, a noiva que passa pela morte, para assim poder ressuscitar para a eternidade.<\/span><\/p>\n<p><span style=\"font-weight: 400\">Em um primeiro momento, quase n\u00e3o conseguimos enxergar a provid\u00eancia de Deus, pois Ester fora raptada e levada ao har\u00e9m do rei, juntamente com outras lindas jovens, at\u00e9 ent\u00e3o nada garantia que Ester seria a escolhida para ser a rainha no lugar de Vasti. E se n\u00e3o ela fosse a escolhida para ser rainha, lhe caberia apenas, o papel de concubina real, ou seja, ela seria uma das amantes do rei, lhe servindo apenas como uma escrava sexual, para os momentos em que o rei desejasse desfrutar da sua presen\u00e7a<\/span><i><span style=\"font-weight: 400\">. <\/span><\/i><\/p>\n<p><span style=\"font-weight: 400\">Como Deus \u00e9 o grande mestre em inverter nas situa\u00e7\u00f5es, ou melhor, transformar uma trag\u00e9dia, em uma ben\u00e7\u00e3o. O livro de Ester alimenta a nossa f\u00e9, pois Deus tira Vasti da sua posi\u00e7\u00e3o de rainha e d\u00e1 a Ester este lugar, com um para que, bem maior que se pode imaginar; a salva\u00e7\u00e3o do povo judeu. <\/span><\/p>\n<p><span style=\"font-weight: 400\">Deus fez Assuero amar Ester, mais do que a qualquer outra que ele tinha amado, mesmo sem saber sua origem, ele a amou e lhe imp\u00f4s o diadema real sobre a cabe\u00e7a e a escolheu para rainha no lugar de Vasti. Depois desse acontecimento, o rei deu um grande banquete, o banquete de Ester, a todos os altos oficiais e aos seus servos, dando tamb\u00e9m um dia de descanso a toda prov\u00edncia, distribuindo presentes\u00a0 com uma liberalidade real. <\/span><\/p>\n<p><span style=\"font-weight: 400\">Ester como rainha ocupava um lugar de honra e destaque, e tinha mais liberdade e autoridade do que qualquer outra mulher no har\u00e9m. Mas, mesmo assim, ela tinha poucos direitos, estes eram restritos, ainda mais por causa da rebeldia da deposta rainha Vasti. A grande palavra nesse livro \u00e9 provid\u00eancia, pois fica claro que Deus colocou Ester em uma posi\u00e7\u00e3o, em que essa fosse um canal de ajuda ao Seu povo, pois Deus nunca desamparou e nem desamparar\u00e1 o Seu povo, Ele \u00e9 fiel.\u00a0 Assim, podemos perceber que Deus n\u00e3o precisa bradar para mostrar o seu agir. Ele apenas age no ordin\u00e1rio de nossas vidas, e como est\u00e1 escrito na B\u00edblia Sagrada, no livro de Isa\u00edas, eu tamb\u00e9m me questiono ao olhar a hist\u00f3ria e o percurso vivenciado pelo povo de Deus: agindo Deus quem impedir\u00e1? (Isa\u00edas 43.13).\u00a0<\/span><\/p>\n<p><span style=\"font-weight: 400\">Deus\u00a0 age nos nossos dias, da mesma forma que Ele agia no Antigo Testamento. Ele \u00e9 o Deus da provid\u00eancia, que converte o mal em bem, que tem seus prop\u00f3sitos insond\u00e1veis, que nos recompensa de acordo com os nossos atos e de acordo com o tempo Dele, Ele \u00e9 um Deus rico em miseric\u00f3rdia, aqui na Can\u00e7\u00e3o Nova em Cachoeira Paulista em especial, tocamos na gra\u00e7a que \u00e9 ter o Santu\u00e1rio do Pai das Miseric\u00f3dias, o Pai misericordioso\u00a0 que cuidou do seu povo judeu, \u00e9 o mesmo que cuida de cada um de n\u00f3s e de cada uma das particularidades\u00a0 que vivemos, cabe a n\u00f3s apenas obedec\u00ea-lo, ouvir Seus mandamentos e pratic\u00e1-los. <\/span><\/p>\n<p><span style=\"font-weight: 400\">Pois o Deus que v\u00ea o escondido, sabe a reta inten\u00e7\u00e3o do teu cora\u00e7\u00e3o, Ele te conhece e sabe o que vai te fazer bem, o convite que fa\u00e7o \u00e9 simples, permita Deus ser Deus em tua vida e tudo mais vir\u00e1 por acr\u00e9scimo no tempo de Deus e muitas vezes n\u00e3o no teu, mas n\u00e3o se preocupe, na hora certa o Senhor dar\u00e1 uma ordem a tempestade e a mesma ficar\u00e1 em sil\u00eancio e aquilo que outrora se encontrava em agita\u00e7\u00e3o ser\u00e1 apenas calmaria. O Senhor \u00e9 capaz de levar luz onde outrora era treva, paz onde outrora era guerra e esperan\u00e7a onde outrora era desespero. Por isso, n\u00e3o se deixe desanimar pois a tua vida est\u00e1 nas m\u00e3os Daquele que te ama e que \u00e9 capaz de inverter, transformando aquilo que parecia ser um grande mal, em um grande bem.<\/span><\/p>\n<p>&nbsp;<\/p>\n","protected":false},"excerpt":{"rendered":"<p>O Livro de Ester \u00e9 um dos mais belos relatos da B\u00edblia, onde o cen\u00e1rio nos coloca fora da Palestina, mais precisamente em Sus\u00e3 (situada a 320 quil\u00f4metros a leste de Babil\u00f4nia, Sus\u00e3 era capital da antiga El\u00e3o, Susiana), capital&#8230;<\/p>\n","protected":false},"author":4746,"featured_media":0,"comment_status":"open","ping_status":"open","sticky":false,"template":"","format":"standard","meta":{"_mi_skip_tracking":false,"_monsterinsights_sitenote_active":false,"_monsterinsights_sitenote_note":"","_monsterinsights_sitenote_category":0,"footnotes":""},"categories":[219269],"tags":[],"_links":{"self":[{"href":"https:\/\/blog.cancaonova.com\/walkbyfaith\/wp-json\/wp\/v2\/posts\/68"}],"collection":[{"href":"https:\/\/blog.cancaonova.com\/walkbyfaith\/wp-json\/wp\/v2\/posts"}],"about":[{"href":"https:\/\/blog.cancaonova.com\/walkbyfaith\/wp-json\/wp\/v2\/types\/post"}],"author":[{"embeddable":true,"href":"https:\/\/blog.cancaonova.com\/walkbyfaith\/wp-json\/wp\/v2\/users\/4746"}],"replies":[{"embeddable":true,"href":"https:\/\/blog.cancaonova.com\/walkbyfaith\/wp-json\/wp\/v2\/comments?post=68"}],"version-history":[{"count":4,"href":"https:\/\/blog.cancaonova.com\/walkbyfaith\/wp-json\/wp\/v2\/posts\/68\/revisions"}],"predecessor-version":[{"id":1242,"href":"https:\/\/blog.cancaonova.com\/walkbyfaith\/wp-json\/wp\/v2\/posts\/68\/revisions\/1242"}],"wp:attachment":[{"href":"https:\/\/blog.cancaonova.com\/walkbyfaith\/wp-json\/wp\/v2\/media?parent=68"}],"wp:term":[{"taxonomy":"category","embeddable":true,"href":"https:\/\/blog.cancaonova.com\/walkbyfaith\/wp-json\/wp\/v2\/categories?post=68"},{"taxonomy":"post_tag","embeddable":true,"href":"https:\/\/blog.cancaonova.com\/walkbyfaith\/wp-json\/wp\/v2\/tags?post=68"}],"curies":[{"name":"wp","href":"https:\/\/api.w.org\/{rel}","templated":true}]}}